{"id":135,"date":"2023-01-26T09:23:00","date_gmt":"2023-01-26T08:23:00","guid":{"rendered":"https:\/\/aktiv-gegen-antisemitismus.net\/?p=135"},"modified":"2023-05-31T23:06:36","modified_gmt":"2023-05-31T21:06:36","slug":"der-taetowierer-von-auschwitz","status":"publish","type":"post","link":"https:\/\/aktiv-gegen-antisemitismus.net\/?p=135","title":{"rendered":"Der T\u00e4towierer von Auschwitz"},"content":{"rendered":"\n<p>Zum Gedenken an die Befreiung des KZ Auschwitz am 27.01.1945 findet seit 25 Jahren eine j\u00e4hrliche Gedenkveranstaltung in der Apostelkirche Velbert statt. Die diesj\u00e4hrige Gedenkfeier f\u00fcr die Opfer des Nationalsozialismus findet am 27.01.2023 um 18 Uhr in der Apostelkirche, Wichernstrasse statt. Im Mittelpunkt der diesj\u00e4hrigen Gedenkstunde steht eine Lesung aus dem Buch<\/p>\n\n\n\n<p>&nbsp;&nbsp;&nbsp;&nbsp;&nbsp;&nbsp;&nbsp;&nbsp;&nbsp;&nbsp;&nbsp;&nbsp;&nbsp; <strong>\u201eDer T\u00e4towierer von Auschwitz\u201c&nbsp;&nbsp; &#8211;&nbsp;&nbsp; Die wahre Geschichte des Lale Sokolov<\/strong><\/p>\n\n\n\n<p>Es lesen SuS der Gesamtschule Velbert sowie Jugendliche aus dem CVJM-Dalbecksbaum. Es erklingt Klaviermusik des j\u00fcdischen Komponisten Victor Ullmann, der ebenfalls in Auschwitz ermordet wurde.<\/p>\n\n\n\n<p>Die ev. Kirchengemeinde Velbert-Dalbecksbaum l\u00e4dt herzlich zum Besuch der Gedenkveranstaltung ein. Es w\u00e4re w\u00fcnschenswert, wenn auch unser B\u00fcndnis bei dieser wichtigen Veranstaltung pr\u00e4sent w\u00e4re.<\/p>\n\n\n\n<p><\/p>\n\n\n\n<p>Gisbert Punsmann, B\u00fcndnis gegen Antisemitismus Velbert<\/p>\n","protected":false},"excerpt":{"rendered":"<p>Zum Gedenken an die Befreiung des KZ Auschwitz am 27.01.1945 findet seit 25 Jahren eine j\u00e4hrliche Gedenkveranstaltung in der Apostelkirche Velbert statt. Die diesj\u00e4hrige Gedenkfeier f\u00fcr die Opfer des Nationalsozialismus findet am 27.01.2023 um 18 Uhr in der Apostelkirche, Wichernstrasse &hellip;<\/p>\n<p class=\"read-more\"> <a class=\"more-link\" href=\"https:\/\/aktiv-gegen-antisemitismus.net\/?p=135\"> <span class=\"screen-reader-text\">Der T\u00e4towierer von Auschwitz<\/span> Weiterlesen &raquo;<\/a><\/p>\n","protected":false},"author":1,"featured_media":0,"comment_status":"closed","ping_status":"closed","sticky":false,"template":"","format":"standard","meta":{"footnotes":""},"categories":[2,9],"tags":[],"class_list":["post-135","post","type-post","status-publish","format-standard","hentry","category-blog","category-veranstaltung"],"_links":{"self":[{"href":"https:\/\/aktiv-gegen-antisemitismus.net\/index.php?rest_route=\/wp\/v2\/posts\/135","targetHints":{"allow":["GET"]}}],"collection":[{"href":"https:\/\/aktiv-gegen-antisemitismus.net\/index.php?rest_route=\/wp\/v2\/posts"}],"about":[{"href":"https:\/\/aktiv-gegen-antisemitismus.net\/index.php?rest_route=\/wp\/v2\/types\/post"}],"author":[{"embeddable":true,"href":"https:\/\/aktiv-gegen-antisemitismus.net\/index.php?rest_route=\/wp\/v2\/users\/1"}],"replies":[{"embeddable":true,"href":"https:\/\/aktiv-gegen-antisemitismus.net\/index.php?rest_route=%2Fwp%2Fv2%2Fcomments&post=135"}],"version-history":[{"count":2,"href":"https:\/\/aktiv-gegen-antisemitismus.net\/index.php?rest_route=\/wp\/v2\/posts\/135\/revisions"}],"predecessor-version":[{"id":143,"href":"https:\/\/aktiv-gegen-antisemitismus.net\/index.php?rest_route=\/wp\/v2\/posts\/135\/revisions\/143"}],"wp:attachment":[{"href":"https:\/\/aktiv-gegen-antisemitismus.net\/index.php?rest_route=%2Fwp%2Fv2%2Fmedia&parent=135"}],"wp:term":[{"taxonomy":"category","embeddable":true,"href":"https:\/\/aktiv-gegen-antisemitismus.net\/index.php?rest_route=%2Fwp%2Fv2%2Fcategories&post=135"},{"taxonomy":"post_tag","embeddable":true,"href":"https:\/\/aktiv-gegen-antisemitismus.net\/index.php?rest_route=%2Fwp%2Fv2%2Ftags&post=135"}],"curies":[{"name":"wp","href":"https:\/\/api.w.org\/{rel}","templated":true}]}}