{"id":152,"date":"2023-07-15T18:51:15","date_gmt":"2023-07-15T16:51:15","guid":{"rendered":"https:\/\/aktiv-gegen-antisemitismus.net\/?p=152"},"modified":"2023-08-31T00:28:07","modified_gmt":"2023-08-30T22:28:07","slug":"ausstellung-du-jude-01-bis-29-09-23","status":"publish","type":"post","link":"https:\/\/aktiv-gegen-antisemitismus.net\/?p=152","title":{"rendered":"Ausstellung: &#8222;Du Jude&#8220; &#8211; 01. bis 29.09.23"},"content":{"rendered":"\n<h2 class=\"wp-block-heading\">Wanderausstellung kommt nach Velbert.<\/h2>\n\n\n\n<p>Die Wanderausstellung &#8222;Allt\u00e4glicher Antisemitismus in Deutschland&#8220; findet im September 2023 im <strong>Schlo\u00df- und Beschl\u00e4gemuseum<\/strong> in Velbert statt. Bitte merken Sie sich den Besuch der Ausstellung vor.<\/p>\n\n\n\n<p>Das B\u00fcndnis gegen Antisemitismus bringt nach der \u201eAnne-Frank-Ausstellung\u201c 2019 und der Ausstellung \u201e1700 Jahre Judentum in Deutschland\u201c 2021 im September dieses Jahres die Ausstellung \u201eDu Jude\u201c der Gesellschaft f\u00fcr Christlich-J\u00fcdische Zusammenarbeit K\u00f6ln e.V. (GCJZ) nach Velbert.&nbsp;<\/p>\n\n\n\n<p>Ein in immer neuen Formen existenter und in allen gesellschaftlichen Schichten und Milieus anzutreffender Antisemitismus geh\u00f6rt auch heute noch zum allt\u00e4glichen Leben von Menschen j\u00fcdischen Glaubens. Die Perspektiven und allt\u00e4glichen Erfahrungen von J\u00fcdinnen und Juden sowie die Bedrohungslage und Diversit\u00e4t j\u00fcdischen Lebens in Deutschland sollen durch die Ausstellung mit 21 Tafeln verdeutlicht werden.<\/p>\n\n\n\n<p>Eine feierliche <strong>Er\u00f6ffnung mit Vortrags- und Rahmenprogramm<\/strong> findet am 01.September 23 um 19 Uhr  statt. <\/p>\n\n\n\n<figure class=\"wp-block-image size-large\"><a href=\"http:\/\/aktiv-gegen-antisemitismus.net\/wp-content\/uploads\/2023\/08\/AgA_Ausstellung_2023_09_01_Eroeffnung_quer-scaled.jpg\"><img decoding=\"async\" src=\"http:\/\/aktiv-gegen-antisemitismus.net\/wp-content\/uploads\/2023\/08\/AgA_Ausstellung_2023_09_01_Eroeffnung_quer-1024x576.jpg\" alt=\"\" class=\"wp-image-177\"\/><\/a><\/figure>\n\n\n\n<p>(zum Download der Grafik bitte direkt auf die Grafik klicken und lokal abspeichern, danke.)<\/p>\n\n\n\n<p><a href=\"http:\/\/aktiv-gegen-antisemitismus.net\/wp-content\/uploads\/2023\/08\/AgA_Ausstellung_Plakat_A3.pdf\" target=\"_blank\" rel=\"noreferrer noopener\">Plakat hier downloaden<\/a><\/p>\n\n\n\n<hr class=\"wp-block-separator has-alpha-channel-opacity\"\/>\n\n\n\n<h2 class=\"wp-block-heading\">Das Vortragsprogramm<\/h2>\n\n\n\n<p>Informationen zu den Vortr\u00e4gen finden Sie <a href=\"https:\/\/aktiv-gegen-antisemitismus.net\/?p=189\" data-type=\"post\" data-id=\"189\">hier.<\/a> <\/p>\n\n\n\n<p><\/p>\n","protected":false},"excerpt":{"rendered":"<p>Wanderausstellung kommt nach Velbert. Die Wanderausstellung &#8222;Allt\u00e4glicher Antisemitismus in Deutschland&#8220; findet im September 2023 im Schlo\u00df- und Beschl\u00e4gemuseum in Velbert statt. Bitte merken Sie sich den Besuch der Ausstellung vor. Das B\u00fcndnis gegen Antisemitismus bringt nach der \u201eAnne-Frank-Ausstellung\u201c 2019 und &hellip;<\/p>\n<p class=\"read-more\"> <a class=\"more-link\" href=\"https:\/\/aktiv-gegen-antisemitismus.net\/?p=152\"> <span class=\"screen-reader-text\">Ausstellung: &#8222;Du Jude&#8220; &#8211; 01. bis 29.09.23<\/span> Weiterlesen &raquo;<\/a><\/p>\n","protected":false},"author":1,"featured_media":218,"comment_status":"closed","ping_status":"closed","sticky":false,"template":"","format":"standard","meta":{"footnotes":""},"categories":[2,9],"tags":[],"class_list":["post-152","post","type-post","status-publish","format-standard","has-post-thumbnail","hentry","category-blog","category-veranstaltung"],"_links":{"self":[{"href":"https:\/\/aktiv-gegen-antisemitismus.net\/index.php?rest_route=\/wp\/v2\/posts\/152","targetHints":{"allow":["GET"]}}],"collection":[{"href":"https:\/\/aktiv-gegen-antisemitismus.net\/index.php?rest_route=\/wp\/v2\/posts"}],"about":[{"href":"https:\/\/aktiv-gegen-antisemitismus.net\/index.php?rest_route=\/wp\/v2\/types\/post"}],"author":[{"embeddable":true,"href":"https:\/\/aktiv-gegen-antisemitismus.net\/index.php?rest_route=\/wp\/v2\/users\/1"}],"replies":[{"embeddable":true,"href":"https:\/\/aktiv-gegen-antisemitismus.net\/index.php?rest_route=%2Fwp%2Fv2%2Fcomments&post=152"}],"version-history":[{"count":9,"href":"https:\/\/aktiv-gegen-antisemitismus.net\/index.php?rest_route=\/wp\/v2\/posts\/152\/revisions"}],"predecessor-version":[{"id":235,"href":"https:\/\/aktiv-gegen-antisemitismus.net\/index.php?rest_route=\/wp\/v2\/posts\/152\/revisions\/235"}],"wp:featuredmedia":[{"embeddable":true,"href":"https:\/\/aktiv-gegen-antisemitismus.net\/index.php?rest_route=\/wp\/v2\/media\/218"}],"wp:attachment":[{"href":"https:\/\/aktiv-gegen-antisemitismus.net\/index.php?rest_route=%2Fwp%2Fv2%2Fmedia&parent=152"}],"wp:term":[{"taxonomy":"category","embeddable":true,"href":"https:\/\/aktiv-gegen-antisemitismus.net\/index.php?rest_route=%2Fwp%2Fv2%2Fcategories&post=152"},{"taxonomy":"post_tag","embeddable":true,"href":"https:\/\/aktiv-gegen-antisemitismus.net\/index.php?rest_route=%2Fwp%2Fv2%2Ftags&post=152"}],"curies":[{"name":"wp","href":"https:\/\/api.w.org\/{rel}","templated":true}]}}