{"id":189,"date":"2023-07-13T07:33:00","date_gmt":"2023-07-13T05:33:00","guid":{"rendered":"https:\/\/aktiv-gegen-antisemitismus.net\/?p=189"},"modified":"2023-08-31T23:20:23","modified_gmt":"2023-08-31T21:20:23","slug":"vortraege-im-rahmen-der-ausstellung-du-jude-01-bis-29-09-23","status":"publish","type":"post","link":"https:\/\/aktiv-gegen-antisemitismus.net\/?p=189","title":{"rendered":"VORTR\u00c4GE im Rahmen der Ausstellung"},"content":{"rendered":"\n<p>Wir freuen uns im Rahmen der Ausstellung vom <strong>01.bis 29.09.23<\/strong> ein hochkar\u00e4tiges <strong>Vortragsprogramm<\/strong> anbieten zu k\u00f6nnen. Die Teilnahme ist kostenlos, um eine Spende wird gebeten. <\/p>\n\n\n\n<p><\/p>\n\n\n\n<p><\/p>\n\n\n\n<p><a rel=\"noreferrer noopener\" href=\"http:\/\/aktiv-gegen-antisemitismus.net\/wp-content\/uploads\/2023\/08\/AgA_Ausstellung_Plakat_A3.pdf\" target=\"_blank\">Plakat zur Ausstellung hier downloaden<\/a><\/p>\n\n\n\n<hr class=\"wp-block-separator has-alpha-channel-opacity\"\/>\n\n\n\n<h2 class=\"wp-block-heading\">Er\u00f6ffnung und Vortrag 1 &#8211; 01.09.23<\/h2>\n\n\n\n<p><\/p>\n\n\n\n<p>Wir freuen uns im Rahmen der Ausstellung ein hochkar\u00e4tiges Votragsprogramm anbieten zu k\u00f6nnen. Die Teilnahme ist kostenlos, um eine Spende wird gebeten. <\/p>\n\n\n\n<ul class=\"wp-block-list\" type=\"1\" start=\"1\">\n<li><strong>01.09.2023 um 19 Uhr in St.Marien, Mittelstr., Velbert <\/strong><br>Frau Maren van Norden, Referentin der K\u00f6lnischen Gesellschaft f\u00fcr Christlich-J\u00fcdische Zusammenarbeit<br>Titel: \u201c<strong>Allt\u00e4glicher Antisemitismus: Kontinuit\u00e4ten und aktuelle Erscheinungsformen<\/strong>\u201c incl. Einf\u00fchrung in die Ausstellung <\/li>\n\n\n\n<li><strong>Aktuelle Infos: <\/strong>Leider kann die Referentin aus Krankheitsgr\u00fcnden nicht zur Er\u00f6ffnungsveranstaltung anwesend sein. Das Programm der Er\u00f6ffnung wird zeitlich etwas gek\u00fcrzt und durch andere Beitr\u00e4ge erg\u00e4nzt. Danke f\u00fcr Ihr Verst\u00e4ndnis. <\/li>\n<\/ul>\n\n\n\n<figure class=\"wp-block-image size-large\"><img decoding=\"async\" src=\"http:\/\/aktiv-gegen-antisemitismus.net\/wp-content\/uploads\/2023\/08\/AgA_Ausstellung_2023_09_01_Eroeffnung_quer-1024x576.jpg\" alt=\"\" class=\"wp-image-177\"\/><\/figure>\n\n\n\n<p>(zum Download der Grafik bitte direkt auf die Grafik klicken und lokal abspeichern, oder die nachfolgenden Links benutzen)<\/p>\n\n\n\n<p><a rel=\"noreferrer noopener\" href=\"http:\/\/aktiv-gegen-antisemitismus.net\/wp-content\/uploads\/2023\/08\/AgA_Ausstellung_2023_09_01_Eroeffnung_quer-scaled.jpg\" target=\"_blank\">Flyer quer<\/a> | <a rel=\"noreferrer noopener\" href=\"http:\/\/aktiv-gegen-antisemitismus.net\/wp-content\/uploads\/2023\/08\/AgA_Ausstellung_2023_09_01_Eroeffnung_quer.pdf\" data-type=\"URL\" data-id=\"http:\/\/aktiv-gegen-antisemitismus.net\/wp-content\/uploads\/2023\/08\/AgA_Ausstellung_2023_09_01_Eroeffnung_quer.pdf\" target=\"_blank\">Flyer PDF<\/a>  | <a href=\"http:\/\/aktiv-gegen-antisemitismus.net\/wp-content\/uploads\/2023\/08\/AgA_Ausstellung_2023_09_01_Eroeffnung_hoch-scaled.jpg\" target=\"_blank\" rel=\"noreferrer noopener\">Flyer hoch<\/a> | <a rel=\"noreferrer noopener\" href=\"http:\/\/aktiv-gegen-antisemitismus.net\/wp-content\/uploads\/2023\/08\/AgA_Ausstellung_2023_09_01_Eroeffnung_hoch.pdf\" target=\"_blank\">Flyer PDF<\/a><\/p>\n\n\n\n<p><\/p>\n\n\n\n<h2 class=\"wp-block-heading\">Vortrag 2 &#8211; 12.09.23<\/h2>\n\n\n\n<ul class=\"wp-block-list\" type=\"1\" start=\"2\">\n<li><strong>12.09.2023 um 19.30 Uhr in St.Marien, Mittelstr., Velbert<\/strong><br>Dr. Werner H\u00f6bsch, Theologe und Referent der KGCJZ<br>Titel: <strong>Facetten des heutigen Antisemitismus in Deutschland \u2013 vom Antisemitismus zur Israelfeindlichkeit<\/strong><\/li>\n<\/ul>\n\n\n\n<figure class=\"wp-block-image size-large\"><img decoding=\"async\" src=\"http:\/\/aktiv-gegen-antisemitismus.net\/wp-content\/uploads\/2023\/08\/AgA_Ausstellung_2023_09_12_Vortrag_Quer-1024x576.jpg\" alt=\"\" class=\"wp-image-181\"\/><\/figure>\n\n\n\n<p>(zum Download der Grafik bitte direkt auf die Grafik klicken und lokal abspeichern, oder die nachfolgenden Links benutzen)<\/p>\n\n\n\n<p><a rel=\"noreferrer noopener\" href=\"http:\/\/aktiv-gegen-antisemitismus.net\/wp-content\/uploads\/2023\/08\/AgA_Ausstellung_2023_09_12_Vortrag_Quer-scaled.jpg\" target=\"_blank\">Flyer quer<\/a> | <a href=\"http:\/\/aktiv-gegen-antisemitismus.net\/wp-content\/uploads\/2023\/08\/AgA_Ausstellung_2023_09_12_Vortrag_Quer.pdf\" target=\"_blank\" rel=\"noreferrer noopener\">Flyer PDF<\/a> | <a rel=\"noreferrer noopener\" href=\"http:\/\/aktiv-gegen-antisemitismus.net\/wp-content\/uploads\/2023\/08\/AgA_Ausstellung_2023_09_12_Vortrag_Hoch-scaled.jpg\" target=\"_blank\">Flyer hoch<\/a> |<a rel=\"noreferrer noopener\" href=\"http:\/\/aktiv-gegen-antisemitismus.net\/wp-content\/uploads\/2023\/08\/AgA_Ausstellung_2023_09_12_Vortrag_Hoch.pdf\" target=\"_blank\"> Flyer PDF<\/a><\/p>\n\n\n\n<p><\/p>\n\n\n\n<h2 class=\"wp-block-heading\">Vortrag 3 &#8211; 28.09.23 <\/h2>\n\n\n\n<ul class=\"wp-block-list\" type=\"1\" start=\"2\">\n<li><strong>28.09.2023 um 19.30 Uhr in St.Marien, Mittelstr., Velbert<\/strong><br>Impuls und Gespr\u00e4ch mit Fred Kupermann (ehem. Vorsitzender der J\u00fcdischen Studierendenunion K\u00f6ln) und  Thomas Frings (Referent Fachbereich Dialog der Konfessionen, Religionen und Weltanschauungen im Erzbistum K\u00f6ln) <br>Titel: <strong>\u201eJ\u00fcdisches Leben in Deutschland heute\u201c<\/strong> <br><br>Welche Bilder tauchen auf, wenn Sie an J\u00fcdinnen und Juden heute denken? Denken Sie auch an das, was vielfach in Medien \u00fcber j\u00fcdisches Leben transportiert wird \u2013 wohlm\u00f6glich in schwarz-wei\u00df? J\u00fcdisches Leben in Deutschland ist bunt und vielf\u00e4ltig \u2013 und ganz anders als gedacht.<br><br>Fred Kupermann war Vorsitzender der J\u00fcdischen Studierendenunion K\u00f6ln und engagiert in der jungen j\u00fcdischen Community. Er bietet einen anschaulichen Einblick in heutiges j\u00fcdisches Leben. Im Gespr\u00e4ch mit Thomas Frings, dem Referenten f\u00fcr den Dialog mit dem Judentum im Erzbistum K\u00f6ln, werden manche Stereotype beleuchtet, verworfen oder korrigiert.<\/li>\n<\/ul>\n\n\n\n<p><\/p>\n\n\n\n<figure class=\"wp-block-image size-large\"><img decoding=\"async\" src=\"http:\/\/aktiv-gegen-antisemitismus.net\/wp-content\/uploads\/2023\/08\/AgA_Ausstellung_2023_09_28_Vortrag_Quer-1024x576.jpg\" alt=\"\" class=\"wp-image-185\"\/><\/figure>\n\n\n\n<p>(zum Download der Grafik bitte direkt auf die Grafik klicken und lokal abspeichern, oder die nachfolgenden Links benutzen)<\/p>\n\n\n\n<p><a rel=\"noreferrer noopener\" href=\"http:\/\/aktiv-gegen-antisemitismus.net\/wp-content\/uploads\/2023\/08\/AgA_Ausstellung_2023_09_28_Vortrag_Quer-scaled.jpg\" target=\"_blank\">Flyer quer<\/a> | <a rel=\"noreferrer noopener\" href=\"http:\/\/aktiv-gegen-antisemitismus.net\/wp-content\/uploads\/2023\/08\/AgA_Ausstellung_2023_09_28_Vortrag_Quer.pdf\" target=\"_blank\">Flyer PDF<\/a> | <a href=\"http:\/\/aktiv-gegen-antisemitismus.net\/wp-content\/uploads\/2023\/08\/AgA_Ausstellung_2023_09_28_Vortrag_Hoch-scaled.jpg\" target=\"_blank\" rel=\"noreferrer noopener\">Flyer hoch<\/a> | <a href=\"http:\/\/aktiv-gegen-antisemitismus.net\/wp-content\/uploads\/2023\/08\/AgA_Ausstellung_2023_09_28_Vortrag_Hoch.pdf\" target=\"_blank\" rel=\"noreferrer noopener\">Flyer PDF<\/a><\/p>\n\n\n\n<p><\/p>\n\n\n\n<p><\/p>\n\n\n\n<p><\/p>\n","protected":false},"excerpt":{"rendered":"<p>Wir freuen uns im Rahmen der Ausstellung vom 01.bis 29.09.23 ein hochkar\u00e4tiges Vortragsprogramm anbieten zu k\u00f6nnen. Die Teilnahme ist kostenlos, um eine Spende wird gebeten. Plakat zur Ausstellung hier downloaden Er\u00f6ffnung und Vortrag 1 &#8211; 01.09.23 Wir freuen uns im &hellip;<\/p>\n<p class=\"read-more\"> <a class=\"more-link\" href=\"https:\/\/aktiv-gegen-antisemitismus.net\/?p=189\"> <span class=\"screen-reader-text\">VORTR\u00c4GE im Rahmen der Ausstellung<\/span> Weiterlesen &raquo;<\/a><\/p>\n","protected":false},"author":1,"featured_media":218,"comment_status":"closed","ping_status":"closed","sticky":false,"template":"","format":"standard","meta":{"footnotes":""},"categories":[2,9],"tags":[],"class_list":["post-189","post","type-post","status-publish","format-standard","has-post-thumbnail","hentry","category-blog","category-veranstaltung"],"_links":{"self":[{"href":"https:\/\/aktiv-gegen-antisemitismus.net\/index.php?rest_route=\/wp\/v2\/posts\/189","targetHints":{"allow":["GET"]}}],"collection":[{"href":"https:\/\/aktiv-gegen-antisemitismus.net\/index.php?rest_route=\/wp\/v2\/posts"}],"about":[{"href":"https:\/\/aktiv-gegen-antisemitismus.net\/index.php?rest_route=\/wp\/v2\/types\/post"}],"author":[{"embeddable":true,"href":"https:\/\/aktiv-gegen-antisemitismus.net\/index.php?rest_route=\/wp\/v2\/users\/1"}],"replies":[{"embeddable":true,"href":"https:\/\/aktiv-gegen-antisemitismus.net\/index.php?rest_route=%2Fwp%2Fv2%2Fcomments&post=189"}],"version-history":[{"count":9,"href":"https:\/\/aktiv-gegen-antisemitismus.net\/index.php?rest_route=\/wp\/v2\/posts\/189\/revisions"}],"predecessor-version":[{"id":242,"href":"https:\/\/aktiv-gegen-antisemitismus.net\/index.php?rest_route=\/wp\/v2\/posts\/189\/revisions\/242"}],"wp:featuredmedia":[{"embeddable":true,"href":"https:\/\/aktiv-gegen-antisemitismus.net\/index.php?rest_route=\/wp\/v2\/media\/218"}],"wp:attachment":[{"href":"https:\/\/aktiv-gegen-antisemitismus.net\/index.php?rest_route=%2Fwp%2Fv2%2Fmedia&parent=189"}],"wp:term":[{"taxonomy":"category","embeddable":true,"href":"https:\/\/aktiv-gegen-antisemitismus.net\/index.php?rest_route=%2Fwp%2Fv2%2Fcategories&post=189"},{"taxonomy":"post_tag","embeddable":true,"href":"https:\/\/aktiv-gegen-antisemitismus.net\/index.php?rest_route=%2Fwp%2Fv2%2Ftags&post=189"}],"curies":[{"name":"wp","href":"https:\/\/api.w.org\/{rel}","templated":true}]}}