{"id":246,"date":"2023-09-30T18:00:00","date_gmt":"2023-09-30T16:00:00","guid":{"rendered":"https:\/\/aktiv-gegen-antisemitismus.net\/?p=246"},"modified":"2023-09-30T22:20:15","modified_gmt":"2023-09-30T20:20:15","slug":"recap-ausstellung-du-jude-markante-vortraege","status":"publish","type":"post","link":"https:\/\/aktiv-gegen-antisemitismus.net\/?p=246","title":{"rendered":"ReCap: Ausstellung &#8222;Du Jude&#8220; &#8211; Markante Vortr\u00e4ge"},"content":{"rendered":"\n<p>Vom 01. bis 29.09.23 war die Ausstellung &#8222;Du Jude&#8220; in Velbert zu Gast. 29 Tage hatten die Velberter Gelegenheit, sich mit dem Thema auseinanderzusetzen. Diese Ausstellung wurde durch markante Vortr\u00e4ge begleitet. <\/p>\n\n\n\n<p><strong>Hier unsere Highlights, kurz reflektiert:<\/strong><\/p>\n\n\n\n<ul class=\"wp-block-list\">\n<li>Auf <strong>20 Tafeln<\/strong> wurde ein facettenreiches Bild \u00fcber das Problem des <strong>allt\u00e4glichen Antisemitismus<\/strong> gezeichnet.<\/li>\n\n\n\n<li>Viele Besucher nahmen sich Zeit, um die Ausstellung zu besuchen und die Tafeln (Rollups) intensiv zu studieren.<\/li>\n\n\n\n<li>Viele <strong>Schulklassen<\/strong> kamen gemeinsam in die Ausstellung und wurden von den Mitarbeitern des B\u00fcndnisses in die Themen der Ausstellung eingef\u00fchrt. <\/li>\n\n\n\n<li>Die Ausstellung fand in <strong>Kooperation<\/strong>  mit dem <strong>Deutschen Schloss- und Beschl\u00e4gemuseum<\/strong> statt und war im Foyer des Museums ideal platziert. Das B\u00fcndnis dankt der <strong>Stadt Velbert<\/strong> und<strong> Dr. Yvonne G\u00f6nster,<\/strong> der Museumsleiterin, f\u00fcr die sehr gute Kooperation.<\/li>\n\n\n\n<li>Zur Er\u00f6ffnung der Ausstellung \u00fcberbrachte <strong>Dr. Esther Kanschat<\/strong>, die stellv. B\u00fcrgermeisterin der Stadt Velbert die Gr\u00fc\u00dfe der Stadt Velbert und betonte ihre Solidarit\u00e4t mit dem Anliegen und dem B\u00fcndnis. <\/li>\n\n\n\n<li>Mehrere Vortr\u00e4ge erg\u00e4nzten die Ausstellung. Am <strong>Er\u00f6ffnungsabend<\/strong> sprachen <strong>Gisbert Punsmann<\/strong> (Pastoralreferent der Kath. Kirche Velbert), <strong>Helena Latz<\/strong> (Integrationsbeauftragte der Stadt Velbert) und<strong> Frank Uphoff <\/strong>(Pastor der Christus Gemeinde Velbert) zu verschiedenen Aspekten des modernen Antisemitismus.<\/li>\n\n\n\n<li>Ebenso hie\u00df am Er\u00f6ffnungsabend die Museumsleiterin <strong> Dr. Yvonne G\u00f6nster<\/strong> die Ausstellung in ihrem Hause herzlich willkommen. Ein gemeinsamer Besuch der Ausstellung schloss sich an. <\/li>\n\n\n\n<li>Ein weiterer H\u00f6hepunkt war der Vortrag zum Thema <strong>\u201eFacetten des heutigen Antisemitismus in Deutschland \u2013 vom Antisemitismus zur Israelfeindlichkeit\u201c<\/strong> , den <strong>Dr. Werner H\u00f6bsch<\/strong>, Theologe und Referent der K\u00f6lnische Gesellschaft f\u00fcr Christlich-J\u00fcdische Zusammenarbeit e. V. hielt. Er zeigte auf, in welchen Formen sich Antisemitismus heute darstellt und welche Ursachen es daf\u00fcr gibt. Es ergab sich ein intensiver Austausch mit den Besuchern des Vortrags.<\/li>\n\n\n\n<li>In der Mitte der Ausstellungswochen besuchte <strong>Kerstin Griese, MdB<\/strong> und Parlamentarische Staatssekret\u00e4rin beim Bundesminister f\u00fcr Arbeit und Soziales die Ausstellung. (Foto oben) Sie wurde begleitet von <strong>Mathias Gohr <\/strong>(Ratsmitglied und Ortsvereinsvorsitzender der SPD) und weiteren Vertretern der lokalen SPD. Es ergab sich ein intensiver Austausch mit dem Kernteam des Velberter B\u00fcndnisses. Frau Griese machte deutlich, dass sie das Anliegen des Velberter B\u00fcndnis pers\u00f6nlich unterst\u00fctzt und regte weitere Aspekte der Zusammenarbeit an.<\/li>\n\n\n\n<li>Am Vorabend des Ausstellungsendes runde ein Vortrag zum Thema <strong>\u201eJ\u00fcdisches Leben in Deutschland heute\u201c<\/strong> . <strong>Fred Kupermann, <\/strong>Vorsitzender der J\u00fcdischen Studierendenunion K\u00f6ln, der wegen einer aktuellen Verletzung nur online zugeschaltet war, diskutierte mit <strong>Thomas Frings,<\/strong> Referent Fachbereich Dialog der Konfessionen, Religionen und Weltanschauungen im Erzbistum K\u00f6ln. Anhand konkreter Video-Sequenzen aus dem Alltag wurden verschiedene Formen und Herausforderungen des j\u00fcdischen Lebens in Deutschland beleuchtet. Dabei spielte die j\u00fcdische Innenansicht eine gro\u00dfe Rolle, was von den interessierten Zuh\u00f6rern mit starker Reaktion aufgenommen wurde. <\/li>\n\n\n\n<li>Am 29.09.23 wurde die Ausstellung wieder in <strong>drei gro\u00dfe Transportkisten<\/strong> fachgerecht verpackt und auf die Reise zum n\u00e4chsten Ausstellungsort geschickt.<\/li>\n<\/ul>\n\n\n\n<p>Das Velberter B\u00fcndnis dankt der K\u00f6lnischen Gesellschaft f\u00fcr Christlich-J\u00fcdische Zusammenarbeit e. V. f\u00fcr die Leihgabe der Ausstellung und allen, die zum Gelingen beigetragen haben. <\/p>\n\n\n\n<h3 class=\"wp-block-heading\">Unsere Fotogalerie: <\/h3>\n\n\n\n<figure class=\"wp-block-gallery has-nested-images columns-4 is-cropped has-button-hover-text-color-background-color has-background wp-block-gallery-1 is-layout-flex wp-block-gallery-is-layout-flex\">\n<figure class=\"wp-block-image size-full\"><a href=\"https:\/\/aktiv-gegen-antisemitismus.net\/wp-content\/uploads\/2023\/08\/AgA_Ausstellung_Plakat_A3-scaled.jpg\" target=\"_blank\" rel=\"noopener\"><img fetchpriority=\"high\" decoding=\"async\" width=\"1811\" height=\"2560\" data-id=\"220\" src=\"https:\/\/aktiv-gegen-antisemitismus.net\/wp-content\/uploads\/2023\/08\/AgA_Ausstellung_Plakat_A3-scaled.jpg\" alt=\"\" class=\"wp-image-220\" srcset=\"https:\/\/aktiv-gegen-antisemitismus.net\/wp-content\/uploads\/2023\/08\/AgA_Ausstellung_Plakat_A3-scaled.jpg 1811w, https:\/\/aktiv-gegen-antisemitismus.net\/wp-content\/uploads\/2023\/08\/AgA_Ausstellung_Plakat_A3-212x300.jpg 212w, https:\/\/aktiv-gegen-antisemitismus.net\/wp-content\/uploads\/2023\/08\/AgA_Ausstellung_Plakat_A3-724x1024.jpg 724w, https:\/\/aktiv-gegen-antisemitismus.net\/wp-content\/uploads\/2023\/08\/AgA_Ausstellung_Plakat_A3-768x1086.jpg 768w, https:\/\/aktiv-gegen-antisemitismus.net\/wp-content\/uploads\/2023\/08\/AgA_Ausstellung_Plakat_A3-1086x1536.jpg 1086w, https:\/\/aktiv-gegen-antisemitismus.net\/wp-content\/uploads\/2023\/08\/AgA_Ausstellung_Plakat_A3-1448x2048.jpg 1448w, https:\/\/aktiv-gegen-antisemitismus.net\/wp-content\/uploads\/2023\/08\/AgA_Ausstellung_Plakat_A3-100x141.jpg 100w, https:\/\/aktiv-gegen-antisemitismus.net\/wp-content\/uploads\/2023\/08\/AgA_Ausstellung_Plakat_A3-150x212.jpg 150w, https:\/\/aktiv-gegen-antisemitismus.net\/wp-content\/uploads\/2023\/08\/AgA_Ausstellung_Plakat_A3-200x283.jpg 200w, https:\/\/aktiv-gegen-antisemitismus.net\/wp-content\/uploads\/2023\/08\/AgA_Ausstellung_Plakat_A3-300x424.jpg 300w, https:\/\/aktiv-gegen-antisemitismus.net\/wp-content\/uploads\/2023\/08\/AgA_Ausstellung_Plakat_A3-450x636.jpg 450w, https:\/\/aktiv-gegen-antisemitismus.net\/wp-content\/uploads\/2023\/08\/AgA_Ausstellung_Plakat_A3-600x848.jpg 600w, https:\/\/aktiv-gegen-antisemitismus.net\/wp-content\/uploads\/2023\/08\/AgA_Ausstellung_Plakat_A3-900x1273.jpg 900w\" sizes=\"(max-width: 1811px) 100vw, 1811px\" \/><\/a><\/figure>\n\n\n\n<figure class=\"wp-block-image size-full\"><a href=\"https:\/\/aktiv-gegen-antisemitismus.net\/wp-content\/uploads\/2023\/08\/P1070565a.jpg\" target=\"_blank\" rel=\"noopener\"><img decoding=\"async\" width=\"1024\" height=\"769\" data-id=\"232\" src=\"https:\/\/aktiv-gegen-antisemitismus.net\/wp-content\/uploads\/2023\/08\/P1070565a.jpg\" alt=\"\" class=\"wp-image-232\" srcset=\"https:\/\/aktiv-gegen-antisemitismus.net\/wp-content\/uploads\/2023\/08\/P1070565a.jpg 1024w, https:\/\/aktiv-gegen-antisemitismus.net\/wp-content\/uploads\/2023\/08\/P1070565a-300x225.jpg 300w, https:\/\/aktiv-gegen-antisemitismus.net\/wp-content\/uploads\/2023\/08\/P1070565a-768x577.jpg 768w, https:\/\/aktiv-gegen-antisemitismus.net\/wp-content\/uploads\/2023\/08\/P1070565a-100x75.jpg 100w, https:\/\/aktiv-gegen-antisemitismus.net\/wp-content\/uploads\/2023\/08\/P1070565a-150x113.jpg 150w, https:\/\/aktiv-gegen-antisemitismus.net\/wp-content\/uploads\/2023\/08\/P1070565a-200x150.jpg 200w, https:\/\/aktiv-gegen-antisemitismus.net\/wp-content\/uploads\/2023\/08\/P1070565a-450x338.jpg 450w, https:\/\/aktiv-gegen-antisemitismus.net\/wp-content\/uploads\/2023\/08\/P1070565a-600x451.jpg 600w, https:\/\/aktiv-gegen-antisemitismus.net\/wp-content\/uploads\/2023\/08\/P1070565a-900x676.jpg 900w\" sizes=\"(max-width: 1024px) 100vw, 1024px\" \/><\/a><figcaption class=\"wp-element-caption\">Pressetermin vorab<\/figcaption><\/figure>\n\n\n\n<figure class=\"wp-block-image size-full\"><a href=\"https:\/\/aktiv-gegen-antisemitismus.net\/wp-content\/uploads\/2023\/09\/IMG_20230831_110455.jpg\" target=\"_blank\" rel=\"noopener\"><img decoding=\"async\" width=\"900\" height=\"1200\" data-id=\"256\" src=\"https:\/\/aktiv-gegen-antisemitismus.net\/wp-content\/uploads\/2023\/09\/IMG_20230831_110455.jpg\" alt=\"\" class=\"wp-image-256\" srcset=\"https:\/\/aktiv-gegen-antisemitismus.net\/wp-content\/uploads\/2023\/09\/IMG_20230831_110455.jpg 900w, https:\/\/aktiv-gegen-antisemitismus.net\/wp-content\/uploads\/2023\/09\/IMG_20230831_110455-225x300.jpg 225w, https:\/\/aktiv-gegen-antisemitismus.net\/wp-content\/uploads\/2023\/09\/IMG_20230831_110455-768x1024.jpg 768w, https:\/\/aktiv-gegen-antisemitismus.net\/wp-content\/uploads\/2023\/09\/IMG_20230831_110455-100x133.jpg 100w, https:\/\/aktiv-gegen-antisemitismus.net\/wp-content\/uploads\/2023\/09\/IMG_20230831_110455-150x200.jpg 150w, https:\/\/aktiv-gegen-antisemitismus.net\/wp-content\/uploads\/2023\/09\/IMG_20230831_110455-200x267.jpg 200w, https:\/\/aktiv-gegen-antisemitismus.net\/wp-content\/uploads\/2023\/09\/IMG_20230831_110455-300x400.jpg 300w, https:\/\/aktiv-gegen-antisemitismus.net\/wp-content\/uploads\/2023\/09\/IMG_20230831_110455-450x600.jpg 450w, https:\/\/aktiv-gegen-antisemitismus.net\/wp-content\/uploads\/2023\/09\/IMG_20230831_110455-600x800.jpg 600w\" sizes=\"(max-width: 900px) 100vw, 900px\" \/><\/a><figcaption class=\"wp-element-caption\">Die Ausstellung ist da..<\/figcaption><\/figure>\n\n\n\n<figure class=\"wp-block-image size-full\"><a href=\"https:\/\/aktiv-gegen-antisemitismus.net\/wp-content\/uploads\/2023\/09\/IMG_20230831_111628.jpg\" target=\"_blank\" rel=\"noopener\"><img loading=\"lazy\" decoding=\"async\" width=\"1200\" height=\"900\" data-id=\"257\" src=\"https:\/\/aktiv-gegen-antisemitismus.net\/wp-content\/uploads\/2023\/09\/IMG_20230831_111628.jpg\" alt=\"\" class=\"wp-image-257\" srcset=\"https:\/\/aktiv-gegen-antisemitismus.net\/wp-content\/uploads\/2023\/09\/IMG_20230831_111628.jpg 1200w, https:\/\/aktiv-gegen-antisemitismus.net\/wp-content\/uploads\/2023\/09\/IMG_20230831_111628-300x225.jpg 300w, https:\/\/aktiv-gegen-antisemitismus.net\/wp-content\/uploads\/2023\/09\/IMG_20230831_111628-1024x768.jpg 1024w, https:\/\/aktiv-gegen-antisemitismus.net\/wp-content\/uploads\/2023\/09\/IMG_20230831_111628-768x576.jpg 768w, https:\/\/aktiv-gegen-antisemitismus.net\/wp-content\/uploads\/2023\/09\/IMG_20230831_111628-100x75.jpg 100w, https:\/\/aktiv-gegen-antisemitismus.net\/wp-content\/uploads\/2023\/09\/IMG_20230831_111628-150x113.jpg 150w, https:\/\/aktiv-gegen-antisemitismus.net\/wp-content\/uploads\/2023\/09\/IMG_20230831_111628-200x150.jpg 200w, https:\/\/aktiv-gegen-antisemitismus.net\/wp-content\/uploads\/2023\/09\/IMG_20230831_111628-450x338.jpg 450w, https:\/\/aktiv-gegen-antisemitismus.net\/wp-content\/uploads\/2023\/09\/IMG_20230831_111628-600x450.jpg 600w, https:\/\/aktiv-gegen-antisemitismus.net\/wp-content\/uploads\/2023\/09\/IMG_20230831_111628-900x675.jpg 900w\" sizes=\"(max-width: 1200px) 100vw, 1200px\" \/><\/a><figcaption class=\"wp-element-caption\">Wo passt alles hin?<\/figcaption><\/figure>\n\n\n\n<figure class=\"wp-block-image size-full\"><a href=\"https:\/\/aktiv-gegen-antisemitismus.net\/wp-content\/uploads\/2023\/09\/IMG_20230831_111640.jpg\" target=\"_blank\" rel=\"noopener\"><img loading=\"lazy\" decoding=\"async\" width=\"900\" height=\"1200\" data-id=\"258\" src=\"https:\/\/aktiv-gegen-antisemitismus.net\/wp-content\/uploads\/2023\/09\/IMG_20230831_111640.jpg\" alt=\"\" class=\"wp-image-258\" srcset=\"https:\/\/aktiv-gegen-antisemitismus.net\/wp-content\/uploads\/2023\/09\/IMG_20230831_111640.jpg 900w, https:\/\/aktiv-gegen-antisemitismus.net\/wp-content\/uploads\/2023\/09\/IMG_20230831_111640-225x300.jpg 225w, https:\/\/aktiv-gegen-antisemitismus.net\/wp-content\/uploads\/2023\/09\/IMG_20230831_111640-768x1024.jpg 768w, https:\/\/aktiv-gegen-antisemitismus.net\/wp-content\/uploads\/2023\/09\/IMG_20230831_111640-100x133.jpg 100w, https:\/\/aktiv-gegen-antisemitismus.net\/wp-content\/uploads\/2023\/09\/IMG_20230831_111640-150x200.jpg 150w, https:\/\/aktiv-gegen-antisemitismus.net\/wp-content\/uploads\/2023\/09\/IMG_20230831_111640-200x267.jpg 200w, https:\/\/aktiv-gegen-antisemitismus.net\/wp-content\/uploads\/2023\/09\/IMG_20230831_111640-300x400.jpg 300w, https:\/\/aktiv-gegen-antisemitismus.net\/wp-content\/uploads\/2023\/09\/IMG_20230831_111640-450x600.jpg 450w, https:\/\/aktiv-gegen-antisemitismus.net\/wp-content\/uploads\/2023\/09\/IMG_20230831_111640-600x800.jpg 600w\" sizes=\"(max-width: 900px) 100vw, 900px\" \/><\/a><figcaption class=\"wp-element-caption\">Aufziehen, ausrichten&#8230;<\/figcaption><\/figure>\n\n\n\n<figure class=\"wp-block-image size-full\"><a href=\"https:\/\/aktiv-gegen-antisemitismus.net\/wp-content\/uploads\/2023\/09\/IMG_20230901_204533.jpg\" target=\"_blank\" rel=\"noopener\"><img loading=\"lazy\" decoding=\"async\" width=\"900\" height=\"1200\" data-id=\"266\" src=\"https:\/\/aktiv-gegen-antisemitismus.net\/wp-content\/uploads\/2023\/09\/IMG_20230901_204533.jpg\" alt=\"\" class=\"wp-image-266\" srcset=\"https:\/\/aktiv-gegen-antisemitismus.net\/wp-content\/uploads\/2023\/09\/IMG_20230901_204533.jpg 900w, https:\/\/aktiv-gegen-antisemitismus.net\/wp-content\/uploads\/2023\/09\/IMG_20230901_204533-225x300.jpg 225w, https:\/\/aktiv-gegen-antisemitismus.net\/wp-content\/uploads\/2023\/09\/IMG_20230901_204533-768x1024.jpg 768w, https:\/\/aktiv-gegen-antisemitismus.net\/wp-content\/uploads\/2023\/09\/IMG_20230901_204533-100x133.jpg 100w, https:\/\/aktiv-gegen-antisemitismus.net\/wp-content\/uploads\/2023\/09\/IMG_20230901_204533-150x200.jpg 150w, https:\/\/aktiv-gegen-antisemitismus.net\/wp-content\/uploads\/2023\/09\/IMG_20230901_204533-200x267.jpg 200w, https:\/\/aktiv-gegen-antisemitismus.net\/wp-content\/uploads\/2023\/09\/IMG_20230901_204533-300x400.jpg 300w, https:\/\/aktiv-gegen-antisemitismus.net\/wp-content\/uploads\/2023\/09\/IMG_20230901_204533-450x600.jpg 450w, https:\/\/aktiv-gegen-antisemitismus.net\/wp-content\/uploads\/2023\/09\/IMG_20230901_204533-600x800.jpg 600w\" sizes=\"(max-width: 900px) 100vw, 900px\" \/><\/a><figcaption class=\"wp-element-caption\">Tafel 1 ist fertig. <\/figcaption><\/figure>\n\n\n\n<figure class=\"wp-block-image size-full\"><a href=\"https:\/\/aktiv-gegen-antisemitismus.net\/wp-content\/uploads\/2023\/09\/IMG_20230831_123749.jpg\" target=\"_blank\" rel=\"noopener\"><img loading=\"lazy\" decoding=\"async\" width=\"1200\" height=\"900\" data-id=\"261\" src=\"https:\/\/aktiv-gegen-antisemitismus.net\/wp-content\/uploads\/2023\/09\/IMG_20230831_123749.jpg\" alt=\"\" class=\"wp-image-261\" srcset=\"https:\/\/aktiv-gegen-antisemitismus.net\/wp-content\/uploads\/2023\/09\/IMG_20230831_123749.jpg 1200w, https:\/\/aktiv-gegen-antisemitismus.net\/wp-content\/uploads\/2023\/09\/IMG_20230831_123749-300x225.jpg 300w, https:\/\/aktiv-gegen-antisemitismus.net\/wp-content\/uploads\/2023\/09\/IMG_20230831_123749-1024x768.jpg 1024w, https:\/\/aktiv-gegen-antisemitismus.net\/wp-content\/uploads\/2023\/09\/IMG_20230831_123749-768x576.jpg 768w, https:\/\/aktiv-gegen-antisemitismus.net\/wp-content\/uploads\/2023\/09\/IMG_20230831_123749-100x75.jpg 100w, https:\/\/aktiv-gegen-antisemitismus.net\/wp-content\/uploads\/2023\/09\/IMG_20230831_123749-150x113.jpg 150w, https:\/\/aktiv-gegen-antisemitismus.net\/wp-content\/uploads\/2023\/09\/IMG_20230831_123749-200x150.jpg 200w, https:\/\/aktiv-gegen-antisemitismus.net\/wp-content\/uploads\/2023\/09\/IMG_20230831_123749-450x338.jpg 450w, https:\/\/aktiv-gegen-antisemitismus.net\/wp-content\/uploads\/2023\/09\/IMG_20230831_123749-600x450.jpg 600w, https:\/\/aktiv-gegen-antisemitismus.net\/wp-content\/uploads\/2023\/09\/IMG_20230831_123749-900x675.jpg 900w\" sizes=\"(max-width: 1200px) 100vw, 1200px\" \/><\/a><figcaption class=\"wp-element-caption\">Wer steht dahinter?<\/figcaption><\/figure>\n\n\n\n<figure class=\"wp-block-image size-full\"><a href=\"https:\/\/aktiv-gegen-antisemitismus.net\/wp-content\/uploads\/2023\/09\/IMG_20230831_124012.jpg\" target=\"_blank\" rel=\"noopener\"><img loading=\"lazy\" decoding=\"async\" width=\"1200\" height=\"900\" data-id=\"262\" src=\"https:\/\/aktiv-gegen-antisemitismus.net\/wp-content\/uploads\/2023\/09\/IMG_20230831_124012.jpg\" alt=\"\" class=\"wp-image-262\" srcset=\"https:\/\/aktiv-gegen-antisemitismus.net\/wp-content\/uploads\/2023\/09\/IMG_20230831_124012.jpg 1200w, https:\/\/aktiv-gegen-antisemitismus.net\/wp-content\/uploads\/2023\/09\/IMG_20230831_124012-300x225.jpg 300w, https:\/\/aktiv-gegen-antisemitismus.net\/wp-content\/uploads\/2023\/09\/IMG_20230831_124012-1024x768.jpg 1024w, https:\/\/aktiv-gegen-antisemitismus.net\/wp-content\/uploads\/2023\/09\/IMG_20230831_124012-768x576.jpg 768w, https:\/\/aktiv-gegen-antisemitismus.net\/wp-content\/uploads\/2023\/09\/IMG_20230831_124012-100x75.jpg 100w, https:\/\/aktiv-gegen-antisemitismus.net\/wp-content\/uploads\/2023\/09\/IMG_20230831_124012-150x113.jpg 150w, https:\/\/aktiv-gegen-antisemitismus.net\/wp-content\/uploads\/2023\/09\/IMG_20230831_124012-200x150.jpg 200w, https:\/\/aktiv-gegen-antisemitismus.net\/wp-content\/uploads\/2023\/09\/IMG_20230831_124012-450x338.jpg 450w, https:\/\/aktiv-gegen-antisemitismus.net\/wp-content\/uploads\/2023\/09\/IMG_20230831_124012-600x450.jpg 600w, https:\/\/aktiv-gegen-antisemitismus.net\/wp-content\/uploads\/2023\/09\/IMG_20230831_124012-900x675.jpg 900w\" sizes=\"(max-width: 1200px) 100vw, 1200px\" \/><\/a><figcaption class=\"wp-element-caption\">Uphoff, Latz, Punsmann<\/figcaption><\/figure>\n\n\n\n<figure class=\"wp-block-image size-full\"><a href=\"https:\/\/aktiv-gegen-antisemitismus.net\/wp-content\/uploads\/2023\/09\/IMG_20230831_123727.jpg\" target=\"_blank\" rel=\"noopener\"><img loading=\"lazy\" decoding=\"async\" width=\"900\" height=\"1200\" data-id=\"259\" src=\"https:\/\/aktiv-gegen-antisemitismus.net\/wp-content\/uploads\/2023\/09\/IMG_20230831_123727.jpg\" alt=\"\" class=\"wp-image-259\" srcset=\"https:\/\/aktiv-gegen-antisemitismus.net\/wp-content\/uploads\/2023\/09\/IMG_20230831_123727.jpg 900w, https:\/\/aktiv-gegen-antisemitismus.net\/wp-content\/uploads\/2023\/09\/IMG_20230831_123727-225x300.jpg 225w, https:\/\/aktiv-gegen-antisemitismus.net\/wp-content\/uploads\/2023\/09\/IMG_20230831_123727-768x1024.jpg 768w, https:\/\/aktiv-gegen-antisemitismus.net\/wp-content\/uploads\/2023\/09\/IMG_20230831_123727-100x133.jpg 100w, https:\/\/aktiv-gegen-antisemitismus.net\/wp-content\/uploads\/2023\/09\/IMG_20230831_123727-150x200.jpg 150w, https:\/\/aktiv-gegen-antisemitismus.net\/wp-content\/uploads\/2023\/09\/IMG_20230831_123727-200x267.jpg 200w, https:\/\/aktiv-gegen-antisemitismus.net\/wp-content\/uploads\/2023\/09\/IMG_20230831_123727-300x400.jpg 300w, https:\/\/aktiv-gegen-antisemitismus.net\/wp-content\/uploads\/2023\/09\/IMG_20230831_123727-450x600.jpg 450w, https:\/\/aktiv-gegen-antisemitismus.net\/wp-content\/uploads\/2023\/09\/IMG_20230831_123727-600x800.jpg 600w\" sizes=\"(max-width: 900px) 100vw, 900px\" \/><\/a><figcaption class=\"wp-element-caption\">Fachkundiger Blick<\/figcaption><\/figure>\n\n\n\n<figure class=\"wp-block-image size-full\"><a href=\"https:\/\/aktiv-gegen-antisemitismus.net\/wp-content\/uploads\/2023\/09\/IMG_20230901_190119.jpg\" target=\"_blank\" rel=\"noopener\"><img loading=\"lazy\" decoding=\"async\" width=\"900\" height=\"1200\" data-id=\"263\" src=\"https:\/\/aktiv-gegen-antisemitismus.net\/wp-content\/uploads\/2023\/09\/IMG_20230901_190119.jpg\" alt=\"\" class=\"wp-image-263\" srcset=\"https:\/\/aktiv-gegen-antisemitismus.net\/wp-content\/uploads\/2023\/09\/IMG_20230901_190119.jpg 900w, https:\/\/aktiv-gegen-antisemitismus.net\/wp-content\/uploads\/2023\/09\/IMG_20230901_190119-225x300.jpg 225w, https:\/\/aktiv-gegen-antisemitismus.net\/wp-content\/uploads\/2023\/09\/IMG_20230901_190119-768x1024.jpg 768w, https:\/\/aktiv-gegen-antisemitismus.net\/wp-content\/uploads\/2023\/09\/IMG_20230901_190119-100x133.jpg 100w, https:\/\/aktiv-gegen-antisemitismus.net\/wp-content\/uploads\/2023\/09\/IMG_20230901_190119-150x200.jpg 150w, https:\/\/aktiv-gegen-antisemitismus.net\/wp-content\/uploads\/2023\/09\/IMG_20230901_190119-200x267.jpg 200w, https:\/\/aktiv-gegen-antisemitismus.net\/wp-content\/uploads\/2023\/09\/IMG_20230901_190119-300x400.jpg 300w, https:\/\/aktiv-gegen-antisemitismus.net\/wp-content\/uploads\/2023\/09\/IMG_20230901_190119-450x600.jpg 450w, https:\/\/aktiv-gegen-antisemitismus.net\/wp-content\/uploads\/2023\/09\/IMG_20230901_190119-600x800.jpg 600w\" sizes=\"(max-width: 900px) 100vw, 900px\" \/><\/a><figcaption class=\"wp-element-caption\">Gisbert Punsmann<\/figcaption><\/figure>\n\n\n\n<figure class=\"wp-block-image size-full\"><a href=\"https:\/\/aktiv-gegen-antisemitismus.net\/wp-content\/uploads\/2023\/09\/IMG_20230901_192456.jpg\" target=\"_blank\" rel=\"noopener\"><img loading=\"lazy\" decoding=\"async\" width=\"900\" height=\"1200\" data-id=\"264\" src=\"https:\/\/aktiv-gegen-antisemitismus.net\/wp-content\/uploads\/2023\/09\/IMG_20230901_192456.jpg\" alt=\"\" class=\"wp-image-264\" srcset=\"https:\/\/aktiv-gegen-antisemitismus.net\/wp-content\/uploads\/2023\/09\/IMG_20230901_192456.jpg 900w, https:\/\/aktiv-gegen-antisemitismus.net\/wp-content\/uploads\/2023\/09\/IMG_20230901_192456-225x300.jpg 225w, https:\/\/aktiv-gegen-antisemitismus.net\/wp-content\/uploads\/2023\/09\/IMG_20230901_192456-768x1024.jpg 768w, https:\/\/aktiv-gegen-antisemitismus.net\/wp-content\/uploads\/2023\/09\/IMG_20230901_192456-100x133.jpg 100w, https:\/\/aktiv-gegen-antisemitismus.net\/wp-content\/uploads\/2023\/09\/IMG_20230901_192456-150x200.jpg 150w, https:\/\/aktiv-gegen-antisemitismus.net\/wp-content\/uploads\/2023\/09\/IMG_20230901_192456-200x267.jpg 200w, https:\/\/aktiv-gegen-antisemitismus.net\/wp-content\/uploads\/2023\/09\/IMG_20230901_192456-300x400.jpg 300w, https:\/\/aktiv-gegen-antisemitismus.net\/wp-content\/uploads\/2023\/09\/IMG_20230901_192456-450x600.jpg 450w, https:\/\/aktiv-gegen-antisemitismus.net\/wp-content\/uploads\/2023\/09\/IMG_20230901_192456-600x800.jpg 600w\" sizes=\"(max-width: 900px) 100vw, 900px\" \/><\/a><figcaption class=\"wp-element-caption\">Dr. Esther Kanschat<\/figcaption><\/figure>\n\n\n\n<figure class=\"wp-block-image size-full\"><a href=\"https:\/\/aktiv-gegen-antisemitismus.net\/wp-content\/uploads\/2023\/09\/IMG_20230901_192837.jpg\" target=\"_blank\" rel=\"noopener\"><img loading=\"lazy\" decoding=\"async\" width=\"900\" height=\"1200\" data-id=\"265\" src=\"https:\/\/aktiv-gegen-antisemitismus.net\/wp-content\/uploads\/2023\/09\/IMG_20230901_192837.jpg\" alt=\"\" class=\"wp-image-265\" srcset=\"https:\/\/aktiv-gegen-antisemitismus.net\/wp-content\/uploads\/2023\/09\/IMG_20230901_192837.jpg 900w, https:\/\/aktiv-gegen-antisemitismus.net\/wp-content\/uploads\/2023\/09\/IMG_20230901_192837-225x300.jpg 225w, https:\/\/aktiv-gegen-antisemitismus.net\/wp-content\/uploads\/2023\/09\/IMG_20230901_192837-768x1024.jpg 768w, https:\/\/aktiv-gegen-antisemitismus.net\/wp-content\/uploads\/2023\/09\/IMG_20230901_192837-100x133.jpg 100w, https:\/\/aktiv-gegen-antisemitismus.net\/wp-content\/uploads\/2023\/09\/IMG_20230901_192837-150x200.jpg 150w, https:\/\/aktiv-gegen-antisemitismus.net\/wp-content\/uploads\/2023\/09\/IMG_20230901_192837-200x267.jpg 200w, https:\/\/aktiv-gegen-antisemitismus.net\/wp-content\/uploads\/2023\/09\/IMG_20230901_192837-300x400.jpg 300w, https:\/\/aktiv-gegen-antisemitismus.net\/wp-content\/uploads\/2023\/09\/IMG_20230901_192837-450x600.jpg 450w, https:\/\/aktiv-gegen-antisemitismus.net\/wp-content\/uploads\/2023\/09\/IMG_20230901_192837-600x800.jpg 600w\" sizes=\"(max-width: 900px) 100vw, 900px\" \/><\/a><figcaption class=\"wp-element-caption\">Dr. Yvonne G\u00f6nster<\/figcaption><\/figure>\n\n\n\n<figure class=\"wp-block-image size-full\"><a href=\"https:\/\/aktiv-gegen-antisemitismus.net\/wp-content\/uploads\/2023\/09\/IMG_20230912_194441.jpg\" target=\"_blank\" rel=\"noopener\"><img loading=\"lazy\" decoding=\"async\" width=\"900\" height=\"1200\" data-id=\"267\" src=\"https:\/\/aktiv-gegen-antisemitismus.net\/wp-content\/uploads\/2023\/09\/IMG_20230912_194441.jpg\" alt=\"\" class=\"wp-image-267\" srcset=\"https:\/\/aktiv-gegen-antisemitismus.net\/wp-content\/uploads\/2023\/09\/IMG_20230912_194441.jpg 900w, https:\/\/aktiv-gegen-antisemitismus.net\/wp-content\/uploads\/2023\/09\/IMG_20230912_194441-225x300.jpg 225w, https:\/\/aktiv-gegen-antisemitismus.net\/wp-content\/uploads\/2023\/09\/IMG_20230912_194441-768x1024.jpg 768w, https:\/\/aktiv-gegen-antisemitismus.net\/wp-content\/uploads\/2023\/09\/IMG_20230912_194441-100x133.jpg 100w, https:\/\/aktiv-gegen-antisemitismus.net\/wp-content\/uploads\/2023\/09\/IMG_20230912_194441-150x200.jpg 150w, https:\/\/aktiv-gegen-antisemitismus.net\/wp-content\/uploads\/2023\/09\/IMG_20230912_194441-200x267.jpg 200w, https:\/\/aktiv-gegen-antisemitismus.net\/wp-content\/uploads\/2023\/09\/IMG_20230912_194441-300x400.jpg 300w, https:\/\/aktiv-gegen-antisemitismus.net\/wp-content\/uploads\/2023\/09\/IMG_20230912_194441-450x600.jpg 450w, https:\/\/aktiv-gegen-antisemitismus.net\/wp-content\/uploads\/2023\/09\/IMG_20230912_194441-600x800.jpg 600w\" sizes=\"(max-width: 900px) 100vw, 900px\" \/><\/a><figcaption class=\"wp-element-caption\">Dr. Werner H\u00f6bsch<\/figcaption><\/figure>\n\n\n\n<figure class=\"wp-block-image size-full\"><a href=\"https:\/\/aktiv-gegen-antisemitismus.net\/wp-content\/uploads\/2023\/09\/IMG_20230912_194742.jpg\" target=\"_blank\" rel=\"noopener\"><img loading=\"lazy\" decoding=\"async\" width=\"1200\" height=\"900\" data-id=\"268\" src=\"https:\/\/aktiv-gegen-antisemitismus.net\/wp-content\/uploads\/2023\/09\/IMG_20230912_194742.jpg\" alt=\"\" class=\"wp-image-268\" srcset=\"https:\/\/aktiv-gegen-antisemitismus.net\/wp-content\/uploads\/2023\/09\/IMG_20230912_194742.jpg 1200w, https:\/\/aktiv-gegen-antisemitismus.net\/wp-content\/uploads\/2023\/09\/IMG_20230912_194742-300x225.jpg 300w, https:\/\/aktiv-gegen-antisemitismus.net\/wp-content\/uploads\/2023\/09\/IMG_20230912_194742-1024x768.jpg 1024w, https:\/\/aktiv-gegen-antisemitismus.net\/wp-content\/uploads\/2023\/09\/IMG_20230912_194742-768x576.jpg 768w, https:\/\/aktiv-gegen-antisemitismus.net\/wp-content\/uploads\/2023\/09\/IMG_20230912_194742-100x75.jpg 100w, https:\/\/aktiv-gegen-antisemitismus.net\/wp-content\/uploads\/2023\/09\/IMG_20230912_194742-150x113.jpg 150w, https:\/\/aktiv-gegen-antisemitismus.net\/wp-content\/uploads\/2023\/09\/IMG_20230912_194742-200x150.jpg 200w, https:\/\/aktiv-gegen-antisemitismus.net\/wp-content\/uploads\/2023\/09\/IMG_20230912_194742-450x338.jpg 450w, https:\/\/aktiv-gegen-antisemitismus.net\/wp-content\/uploads\/2023\/09\/IMG_20230912_194742-600x450.jpg 600w, https:\/\/aktiv-gegen-antisemitismus.net\/wp-content\/uploads\/2023\/09\/IMG_20230912_194742-900x675.jpg 900w\" sizes=\"(max-width: 1200px) 100vw, 1200px\" \/><\/a><figcaption class=\"wp-element-caption\">Dr. Werner H\u00f6bsch<\/figcaption><\/figure>\n\n\n\n<figure class=\"wp-block-image size-full\"><a href=\"https:\/\/aktiv-gegen-antisemitismus.net\/wp-content\/uploads\/2023\/09\/Wanderaustellung-Du-Jude-4.jpg\" target=\"_blank\" rel=\"noopener\"><img loading=\"lazy\" decoding=\"async\" width=\"946\" height=\"1200\" data-id=\"273\" src=\"https:\/\/aktiv-gegen-antisemitismus.net\/wp-content\/uploads\/2023\/09\/Wanderaustellung-Du-Jude-4.jpg\" alt=\"\" class=\"wp-image-273\" srcset=\"https:\/\/aktiv-gegen-antisemitismus.net\/wp-content\/uploads\/2023\/09\/Wanderaustellung-Du-Jude-4.jpg 946w, https:\/\/aktiv-gegen-antisemitismus.net\/wp-content\/uploads\/2023\/09\/Wanderaustellung-Du-Jude-4-237x300.jpg 237w, https:\/\/aktiv-gegen-antisemitismus.net\/wp-content\/uploads\/2023\/09\/Wanderaustellung-Du-Jude-4-807x1024.jpg 807w, https:\/\/aktiv-gegen-antisemitismus.net\/wp-content\/uploads\/2023\/09\/Wanderaustellung-Du-Jude-4-768x974.jpg 768w, https:\/\/aktiv-gegen-antisemitismus.net\/wp-content\/uploads\/2023\/09\/Wanderaustellung-Du-Jude-4-100x127.jpg 100w, https:\/\/aktiv-gegen-antisemitismus.net\/wp-content\/uploads\/2023\/09\/Wanderaustellung-Du-Jude-4-150x190.jpg 150w, https:\/\/aktiv-gegen-antisemitismus.net\/wp-content\/uploads\/2023\/09\/Wanderaustellung-Du-Jude-4-200x254.jpg 200w, https:\/\/aktiv-gegen-antisemitismus.net\/wp-content\/uploads\/2023\/09\/Wanderaustellung-Du-Jude-4-300x381.jpg 300w, https:\/\/aktiv-gegen-antisemitismus.net\/wp-content\/uploads\/2023\/09\/Wanderaustellung-Du-Jude-4-450x571.jpg 450w, https:\/\/aktiv-gegen-antisemitismus.net\/wp-content\/uploads\/2023\/09\/Wanderaustellung-Du-Jude-4-600x761.jpg 600w, https:\/\/aktiv-gegen-antisemitismus.net\/wp-content\/uploads\/2023\/09\/Wanderaustellung-Du-Jude-4-900x1142.jpg 900w\" sizes=\"(max-width: 946px) 100vw, 946px\" \/><\/a><figcaption class=\"wp-element-caption\">Kerstin Griese &amp; Team<\/figcaption><\/figure>\n\n\n\n<figure class=\"wp-block-image size-large\"><a href=\"http:\/\/aktiv-gegen-antisemitismus.net\/wp-content\/uploads\/2023\/09\/1-Wanderausstellung-Du-Jude-.jpg\" target=\"_blank\" rel=\"noopener\"><img loading=\"lazy\" decoding=\"async\" width=\"958\" height=\"1024\" data-id=\"255\" src=\"http:\/\/aktiv-gegen-antisemitismus.net\/wp-content\/uploads\/2023\/09\/1-Wanderausstellung-Du-Jude--958x1024.jpg\" alt=\"\" class=\"wp-image-255\" srcset=\"https:\/\/aktiv-gegen-antisemitismus.net\/wp-content\/uploads\/2023\/09\/1-Wanderausstellung-Du-Jude--958x1024.jpg 958w, https:\/\/aktiv-gegen-antisemitismus.net\/wp-content\/uploads\/2023\/09\/1-Wanderausstellung-Du-Jude--281x300.jpg 281w, https:\/\/aktiv-gegen-antisemitismus.net\/wp-content\/uploads\/2023\/09\/1-Wanderausstellung-Du-Jude--768x821.jpg 768w, https:\/\/aktiv-gegen-antisemitismus.net\/wp-content\/uploads\/2023\/09\/1-Wanderausstellung-Du-Jude--100x107.jpg 100w, https:\/\/aktiv-gegen-antisemitismus.net\/wp-content\/uploads\/2023\/09\/1-Wanderausstellung-Du-Jude--150x160.jpg 150w, https:\/\/aktiv-gegen-antisemitismus.net\/wp-content\/uploads\/2023\/09\/1-Wanderausstellung-Du-Jude--200x214.jpg 200w, https:\/\/aktiv-gegen-antisemitismus.net\/wp-content\/uploads\/2023\/09\/1-Wanderausstellung-Du-Jude--300x321.jpg 300w, https:\/\/aktiv-gegen-antisemitismus.net\/wp-content\/uploads\/2023\/09\/1-Wanderausstellung-Du-Jude--450x481.jpg 450w, https:\/\/aktiv-gegen-antisemitismus.net\/wp-content\/uploads\/2023\/09\/1-Wanderausstellung-Du-Jude--600x641.jpg 600w, https:\/\/aktiv-gegen-antisemitismus.net\/wp-content\/uploads\/2023\/09\/1-Wanderausstellung-Du-Jude--900x962.jpg 900w, https:\/\/aktiv-gegen-antisemitismus.net\/wp-content\/uploads\/2023\/09\/1-Wanderausstellung-Du-Jude-.jpg 1123w\" sizes=\"(max-width: 958px) 100vw, 958px\" \/><\/a><figcaption class=\"wp-element-caption\">Kerstin Griese &amp; Team<\/figcaption><\/figure>\n\n\n\n<figure class=\"wp-block-image size-full\"><a href=\"https:\/\/aktiv-gegen-antisemitismus.net\/wp-content\/uploads\/2023\/09\/IMG_20230914_145031_1.jpg\" target=\"_blank\" rel=\"noopener\"><img loading=\"lazy\" decoding=\"async\" width=\"900\" height=\"1200\" data-id=\"270\" src=\"https:\/\/aktiv-gegen-antisemitismus.net\/wp-content\/uploads\/2023\/09\/IMG_20230914_145031_1.jpg\" alt=\"\" class=\"wp-image-270\" srcset=\"https:\/\/aktiv-gegen-antisemitismus.net\/wp-content\/uploads\/2023\/09\/IMG_20230914_145031_1.jpg 900w, https:\/\/aktiv-gegen-antisemitismus.net\/wp-content\/uploads\/2023\/09\/IMG_20230914_145031_1-225x300.jpg 225w, https:\/\/aktiv-gegen-antisemitismus.net\/wp-content\/uploads\/2023\/09\/IMG_20230914_145031_1-768x1024.jpg 768w, https:\/\/aktiv-gegen-antisemitismus.net\/wp-content\/uploads\/2023\/09\/IMG_20230914_145031_1-100x133.jpg 100w, https:\/\/aktiv-gegen-antisemitismus.net\/wp-content\/uploads\/2023\/09\/IMG_20230914_145031_1-150x200.jpg 150w, https:\/\/aktiv-gegen-antisemitismus.net\/wp-content\/uploads\/2023\/09\/IMG_20230914_145031_1-200x267.jpg 200w, https:\/\/aktiv-gegen-antisemitismus.net\/wp-content\/uploads\/2023\/09\/IMG_20230914_145031_1-300x400.jpg 300w, https:\/\/aktiv-gegen-antisemitismus.net\/wp-content\/uploads\/2023\/09\/IMG_20230914_145031_1-450x600.jpg 450w, https:\/\/aktiv-gegen-antisemitismus.net\/wp-content\/uploads\/2023\/09\/IMG_20230914_145031_1-600x800.jpg 600w\" sizes=\"(max-width: 900px) 100vw, 900px\" \/><\/a><figcaption class=\"wp-element-caption\">Punsmann, Griese<\/figcaption><\/figure>\n\n\n\n<figure class=\"wp-block-image size-full\"><a href=\"https:\/\/aktiv-gegen-antisemitismus.net\/wp-content\/uploads\/2023\/09\/IMG_20230914_141035.jpg\" target=\"_blank\" rel=\"noopener\"><img loading=\"lazy\" decoding=\"async\" width=\"900\" height=\"1200\" data-id=\"269\" src=\"https:\/\/aktiv-gegen-antisemitismus.net\/wp-content\/uploads\/2023\/09\/IMG_20230914_141035.jpg\" alt=\"\" class=\"wp-image-269\" srcset=\"https:\/\/aktiv-gegen-antisemitismus.net\/wp-content\/uploads\/2023\/09\/IMG_20230914_141035.jpg 900w, https:\/\/aktiv-gegen-antisemitismus.net\/wp-content\/uploads\/2023\/09\/IMG_20230914_141035-225x300.jpg 225w, https:\/\/aktiv-gegen-antisemitismus.net\/wp-content\/uploads\/2023\/09\/IMG_20230914_141035-768x1024.jpg 768w, https:\/\/aktiv-gegen-antisemitismus.net\/wp-content\/uploads\/2023\/09\/IMG_20230914_141035-100x133.jpg 100w, https:\/\/aktiv-gegen-antisemitismus.net\/wp-content\/uploads\/2023\/09\/IMG_20230914_141035-150x200.jpg 150w, https:\/\/aktiv-gegen-antisemitismus.net\/wp-content\/uploads\/2023\/09\/IMG_20230914_141035-200x267.jpg 200w, https:\/\/aktiv-gegen-antisemitismus.net\/wp-content\/uploads\/2023\/09\/IMG_20230914_141035-300x400.jpg 300w, https:\/\/aktiv-gegen-antisemitismus.net\/wp-content\/uploads\/2023\/09\/IMG_20230914_141035-450x600.jpg 450w, https:\/\/aktiv-gegen-antisemitismus.net\/wp-content\/uploads\/2023\/09\/IMG_20230914_141035-600x800.jpg 600w\" sizes=\"(max-width: 900px) 100vw, 900px\" \/><\/a><figcaption class=\"wp-element-caption\">Willkommen, Frau Griese!<\/figcaption><\/figure>\n\n\n\n<figure class=\"wp-block-image size-full\"><a href=\"https:\/\/aktiv-gegen-antisemitismus.net\/wp-content\/uploads\/2023\/09\/IMG_20230929_103413.jpg\" target=\"_blank\" rel=\"noopener\"><img loading=\"lazy\" decoding=\"async\" width=\"1200\" height=\"900\" data-id=\"271\" src=\"https:\/\/aktiv-gegen-antisemitismus.net\/wp-content\/uploads\/2023\/09\/IMG_20230929_103413.jpg\" alt=\"\" class=\"wp-image-271\" srcset=\"https:\/\/aktiv-gegen-antisemitismus.net\/wp-content\/uploads\/2023\/09\/IMG_20230929_103413.jpg 1200w, https:\/\/aktiv-gegen-antisemitismus.net\/wp-content\/uploads\/2023\/09\/IMG_20230929_103413-300x225.jpg 300w, https:\/\/aktiv-gegen-antisemitismus.net\/wp-content\/uploads\/2023\/09\/IMG_20230929_103413-1024x768.jpg 1024w, https:\/\/aktiv-gegen-antisemitismus.net\/wp-content\/uploads\/2023\/09\/IMG_20230929_103413-768x576.jpg 768w, https:\/\/aktiv-gegen-antisemitismus.net\/wp-content\/uploads\/2023\/09\/IMG_20230929_103413-100x75.jpg 100w, https:\/\/aktiv-gegen-antisemitismus.net\/wp-content\/uploads\/2023\/09\/IMG_20230929_103413-150x113.jpg 150w, https:\/\/aktiv-gegen-antisemitismus.net\/wp-content\/uploads\/2023\/09\/IMG_20230929_103413-200x150.jpg 200w, https:\/\/aktiv-gegen-antisemitismus.net\/wp-content\/uploads\/2023\/09\/IMG_20230929_103413-450x338.jpg 450w, https:\/\/aktiv-gegen-antisemitismus.net\/wp-content\/uploads\/2023\/09\/IMG_20230929_103413-600x450.jpg 600w, https:\/\/aktiv-gegen-antisemitismus.net\/wp-content\/uploads\/2023\/09\/IMG_20230929_103413-900x675.jpg 900w\" sizes=\"(max-width: 1200px) 100vw, 1200px\" \/><\/a><figcaption class=\"wp-element-caption\">R\u00fcckbau der Ausstellung..<\/figcaption><\/figure>\n\n\n\n<figure class=\"wp-block-image size-full\"><a href=\"https:\/\/aktiv-gegen-antisemitismus.net\/wp-content\/uploads\/2023\/09\/IMG_20230929_103430.jpg\" target=\"_blank\" rel=\"noopener\"><img loading=\"lazy\" decoding=\"async\" width=\"1200\" height=\"900\" data-id=\"272\" src=\"https:\/\/aktiv-gegen-antisemitismus.net\/wp-content\/uploads\/2023\/09\/IMG_20230929_103430.jpg\" alt=\"\" class=\"wp-image-272\" srcset=\"https:\/\/aktiv-gegen-antisemitismus.net\/wp-content\/uploads\/2023\/09\/IMG_20230929_103430.jpg 1200w, https:\/\/aktiv-gegen-antisemitismus.net\/wp-content\/uploads\/2023\/09\/IMG_20230929_103430-300x225.jpg 300w, https:\/\/aktiv-gegen-antisemitismus.net\/wp-content\/uploads\/2023\/09\/IMG_20230929_103430-1024x768.jpg 1024w, https:\/\/aktiv-gegen-antisemitismus.net\/wp-content\/uploads\/2023\/09\/IMG_20230929_103430-768x576.jpg 768w, https:\/\/aktiv-gegen-antisemitismus.net\/wp-content\/uploads\/2023\/09\/IMG_20230929_103430-100x75.jpg 100w, https:\/\/aktiv-gegen-antisemitismus.net\/wp-content\/uploads\/2023\/09\/IMG_20230929_103430-150x113.jpg 150w, https:\/\/aktiv-gegen-antisemitismus.net\/wp-content\/uploads\/2023\/09\/IMG_20230929_103430-200x150.jpg 200w, https:\/\/aktiv-gegen-antisemitismus.net\/wp-content\/uploads\/2023\/09\/IMG_20230929_103430-450x338.jpg 450w, https:\/\/aktiv-gegen-antisemitismus.net\/wp-content\/uploads\/2023\/09\/IMG_20230929_103430-600x450.jpg 600w, https:\/\/aktiv-gegen-antisemitismus.net\/wp-content\/uploads\/2023\/09\/IMG_20230929_103430-900x675.jpg 900w\" sizes=\"(max-width: 1200px) 100vw, 1200px\" \/><\/a><figcaption class=\"wp-element-caption\">.. und Abtransport.<\/figcaption><\/figure>\n<\/figure>\n","protected":false},"excerpt":{"rendered":"<p>Vom 01. bis 29.09.23 war die Ausstellung &#8222;Du Jude&#8220; in Velbert zu Gast. 29 Tage hatten die Velberter Gelegenheit, sich mit dem Thema auseinanderzusetzen. Diese Ausstellung wurde durch markante Vortr\u00e4ge begleitet. Hier unsere Highlights, kurz reflektiert: Das Velberter B\u00fcndnis dankt &hellip;<\/p>\n<p class=\"read-more\"> <a class=\"more-link\" href=\"https:\/\/aktiv-gegen-antisemitismus.net\/?p=246\"> <span class=\"screen-reader-text\">ReCap: Ausstellung &#8222;Du Jude&#8220; &#8211; Markante Vortr\u00e4ge<\/span> Weiterlesen &raquo;<\/a><\/p>\n","protected":false},"author":1,"featured_media":255,"comment_status":"closed","ping_status":"closed","sticky":false,"template":"","format":"standard","meta":{"footnotes":""},"categories":[1,9],"tags":[],"class_list":["post-246","post","type-post","status-publish","format-standard","has-post-thumbnail","hentry","category-uncategorized","category-veranstaltung"],"_links":{"self":[{"href":"https:\/\/aktiv-gegen-antisemitismus.net\/index.php?rest_route=\/wp\/v2\/posts\/246","targetHints":{"allow":["GET"]}}],"collection":[{"href":"https:\/\/aktiv-gegen-antisemitismus.net\/index.php?rest_route=\/wp\/v2\/posts"}],"about":[{"href":"https:\/\/aktiv-gegen-antisemitismus.net\/index.php?rest_route=\/wp\/v2\/types\/post"}],"author":[{"embeddable":true,"href":"https:\/\/aktiv-gegen-antisemitismus.net\/index.php?rest_route=\/wp\/v2\/users\/1"}],"replies":[{"embeddable":true,"href":"https:\/\/aktiv-gegen-antisemitismus.net\/index.php?rest_route=%2Fwp%2Fv2%2Fcomments&post=246"}],"version-history":[{"count":10,"href":"https:\/\/aktiv-gegen-antisemitismus.net\/index.php?rest_route=\/wp\/v2\/posts\/246\/revisions"}],"predecessor-version":[{"id":304,"href":"https:\/\/aktiv-gegen-antisemitismus.net\/index.php?rest_route=\/wp\/v2\/posts\/246\/revisions\/304"}],"wp:featuredmedia":[{"embeddable":true,"href":"https:\/\/aktiv-gegen-antisemitismus.net\/index.php?rest_route=\/wp\/v2\/media\/255"}],"wp:attachment":[{"href":"https:\/\/aktiv-gegen-antisemitismus.net\/index.php?rest_route=%2Fwp%2Fv2%2Fmedia&parent=246"}],"wp:term":[{"taxonomy":"category","embeddable":true,"href":"https:\/\/aktiv-gegen-antisemitismus.net\/index.php?rest_route=%2Fwp%2Fv2%2Fcategories&post=246"},{"taxonomy":"post_tag","embeddable":true,"href":"https:\/\/aktiv-gegen-antisemitismus.net\/index.php?rest_route=%2Fwp%2Fv2%2Ftags&post=246"}],"curies":[{"name":"wp","href":"https:\/\/api.w.org\/{rel}","templated":true}]}}