{"id":29,"date":"2022-12-20T08:49:00","date_gmt":"2022-12-20T07:49:00","guid":{"rendered":"http:\/\/aktiv-gegen-antisemitismus.net\/?p=29"},"modified":"2023-01-10T23:19:22","modified_gmt":"2023-01-10T22:19:22","slug":"aktiv-unser-buendnis-im-jahr-2022","status":"publish","type":"post","link":"https:\/\/aktiv-gegen-antisemitismus.net\/?p=29","title":{"rendered":"Aktiv: Unser B\u00fcndnis im Jahr 2022"},"content":{"rendered":"\n<p><strong>2022:<\/strong><\/p>\n\n\n\n<p>Im Jahr 2022 fokussierten wir uns auf folgende Aktionen:<\/p>\n\n\n\n<ul class=\"wp-block-list\">\n<li><strong>Infobrosch\u00fcren:<\/strong><\/li>\n<\/ul>\n\n\n\n<p>An 10 Standorten in ganz Velbert legten wir die Brosch\u00fcre \u201eVorurteile abbauen \u2013 Mauern niederrei\u00dfen\u201c der Gesellschaft f\u00fcr Christlich-J\u00fcdische Zusammenarbeit D\u00fcsseldorf e.V. aus.<\/p>\n\n\n\n<ul class=\"wp-block-list\">\n<li><strong>1700 Jahre Judentum in Deutschland:<\/strong><\/li>\n<\/ul>\n\n\n\n<p>Die Ausstellung des letzten Jahres bestand aus 12 Monatsthemen, in denen Elemente des christlichen und j\u00fcdischen Glaubens nebeneinander gestellt und aus christlicher bzw. j\u00fcdischer Sicht kommentiert wurden. Dadurch wurden die Gemeinsamkeiten beider Religionen noch einmal besonders deutlich.<\/p>\n\n\n\n<p>Die Monatsthemen wurden auf ein kleineres Format gebracht und werden zusammen mit den Kommentaren an ebenfalls 10 Standorten in ganz Velbert in Schauk\u00e4sten ausgestellt, um einer gr\u00f6\u00dferen Zahl von Velbertern die enge Verbindung beider Religionen deutlich zu machen. Diese Aktion wird ein Jahr laufen, bis alle 12 Monatsthemen verwandt wurden.<\/p>\n\n\n\n<ul class=\"wp-block-list\">\n<li><strong>\u201eMeet a Jew\u201c<\/strong><\/li>\n<\/ul>\n\n\n\n<p>Vor Corona hatte das B\u00fcndnis Kontakte zwischen einigen Velberter Fu\u00dfballvereinen und der Aktion \u201eMeet a Jew\u201c hergestellt und mehrere gemeinsame Begegnungstermine mit jungen Menschen j\u00fcdischen Glaubens vermittelt. In diesem Jahr unterst\u00fctzen wir Velberter weiterf\u00fchrende Schulen dabei, verschiedene Kurse der betreffenden Schulen w\u00e4hrend einer Schul-Doppelstunde mit jungen j\u00fcdischen Menschen zusammen zu bringen. Die Gesamtschule Velbert macht das ohnehin schon seit einigen Jahren. Auch andere Velberter Schulen haben mittlerweile Interesse ge\u00e4u\u00dfert und Besuche in ihren Schulen angefragt. Wir werden an diesem Thema dran bleiben und noch weitere Schulen versuchen, von diesem Projekt zu \u00fcberzeugen.<\/p>\n\n\n\n<ul class=\"wp-block-list\">\n<li><strong>Tafeln \u201eJ\u00fcdisches Leben in Velbert\u201c:<\/strong><\/li>\n<\/ul>\n\n\n\n<p>Es sind vor einigen Jahren ca. 20 Tafeln mit Informationen \u00fcber fr\u00fcheres j\u00fcdisches Leben an den betreffenden Orten in Velbert durch die Stadt Velbert aufgestellt worden. Der Historiker Frank Overhoff hatte seinerzeit mit gro\u00dfem Aufwand die Informationen auf den Tafeln zusammengestellt. Es f\u00e4llt jedoch auf, dass mittlerweile viele der Tafeln zerkratzt, beschmiert oder verblichen sind, so dass sie ihren Zweck nicht mehr erf\u00fcllen. Dazu kommt, dass die Aktion seinerzeit nicht beendet wurde und manche, selbst prominente Orte fr\u00fcheren j\u00fcdischen Lebens, nicht mit Infotafeln gew\u00fcrdigt werden. Wir als B\u00fcndnis sind mit der Stadt Velbert im Gespr\u00e4ch, damit die Tafeln vervollst\u00e4ndigt bzw. ersetzt werden. Dabei werden wir vom Bergischen Geschichtsverein unterst\u00fctzt, der \u00e4hnliche Interessen wie wir verfolgt. Der angesto\u00dfene Prozess ist recht m\u00fchselig und verl\u00e4uft insofern eher schleppend. Wir werden aber sicherlich nicht locker lassen.<\/p>\n\n\n\n<ul class=\"wp-block-list\">\n<li><strong>Kooperationspartner:<\/strong><\/li>\n<\/ul>\n\n\n\n<p>In der Vergangenheit ergaben sich insbesondere mit den Gesellschaften f\u00fcr Christlich-J\u00fcdische Zusammenarbeit in K\u00f6ln und D\u00fcsseldorf Kooperationsm\u00f6glichkeiten, auch aufgrund von Materialien, welche dort zur Verf\u00fcgung gestellt werden. Wir sch\u00e4tzen sehr die Arbeit von verschiedenen dieser Gesellschaften im Umkreis von Velbert und haben uns mit ihnen vernetzt, wovon wir insbesondere in Zeiten gro\u00dfer Unruhe wie im Mai 2021 profitierten.<\/p>\n\n\n\n<p>Im Moment haben sich engere Kontakte auch zum \u201eJ\u00fcdischen Museum Westfalen\u201c in Dorsten entwickelt. Dort gibt es neben eigenen Ausstellungen hochkar\u00e4tige Veranstaltungen sowie ausleihbare Ausstellungen. Wir sind dem J\u00fcdischen Museum Westfalen sehr dankbar f\u00fcr die sich uns bietenden Kooperationsm\u00f6glichkeiten.<\/p>\n","protected":false},"excerpt":{"rendered":"<p>2022: Im Jahr 2022 fokussierten wir uns auf folgende Aktionen: An 10 Standorten in ganz Velbert legten wir die Brosch\u00fcre \u201eVorurteile abbauen \u2013 Mauern niederrei\u00dfen\u201c der Gesellschaft f\u00fcr Christlich-J\u00fcdische Zusammenarbeit D\u00fcsseldorf e.V. aus. Die Ausstellung des letzten Jahres bestand aus &hellip;<\/p>\n<p class=\"read-more\"> <a class=\"more-link\" href=\"https:\/\/aktiv-gegen-antisemitismus.net\/?p=29\"> <span class=\"screen-reader-text\">Aktiv: Unser B\u00fcndnis im Jahr 2022<\/span> Weiterlesen &raquo;<\/a><\/p>\n","protected":false},"author":1,"featured_media":0,"comment_status":"closed","ping_status":"closed","sticky":false,"template":"","format":"standard","meta":{"footnotes":""},"categories":[2,8],"tags":[5],"class_list":["post-29","post","type-post","status-publish","format-standard","hentry","category-blog","category-jahresbericht","tag-jahresbericht"],"_links":{"self":[{"href":"https:\/\/aktiv-gegen-antisemitismus.net\/index.php?rest_route=\/wp\/v2\/posts\/29","targetHints":{"allow":["GET"]}}],"collection":[{"href":"https:\/\/aktiv-gegen-antisemitismus.net\/index.php?rest_route=\/wp\/v2\/posts"}],"about":[{"href":"https:\/\/aktiv-gegen-antisemitismus.net\/index.php?rest_route=\/wp\/v2\/types\/post"}],"author":[{"embeddable":true,"href":"https:\/\/aktiv-gegen-antisemitismus.net\/index.php?rest_route=\/wp\/v2\/users\/1"}],"replies":[{"embeddable":true,"href":"https:\/\/aktiv-gegen-antisemitismus.net\/index.php?rest_route=%2Fwp%2Fv2%2Fcomments&post=29"}],"version-history":[{"count":2,"href":"https:\/\/aktiv-gegen-antisemitismus.net\/index.php?rest_route=\/wp\/v2\/posts\/29\/revisions"}],"predecessor-version":[{"id":32,"href":"https:\/\/aktiv-gegen-antisemitismus.net\/index.php?rest_route=\/wp\/v2\/posts\/29\/revisions\/32"}],"wp:attachment":[{"href":"https:\/\/aktiv-gegen-antisemitismus.net\/index.php?rest_route=%2Fwp%2Fv2%2Fmedia&parent=29"}],"wp:term":[{"taxonomy":"category","embeddable":true,"href":"https:\/\/aktiv-gegen-antisemitismus.net\/index.php?rest_route=%2Fwp%2Fv2%2Fcategories&post=29"},{"taxonomy":"post_tag","embeddable":true,"href":"https:\/\/aktiv-gegen-antisemitismus.net\/index.php?rest_route=%2Fwp%2Fv2%2Ftags&post=29"}],"curies":[{"name":"wp","href":"https:\/\/api.w.org\/{rel}","templated":true}]}}