{"id":395,"date":"2024-05-15T08:35:31","date_gmt":"2024-05-15T06:35:31","guid":{"rendered":"https:\/\/aktiv-gegen-antisemitismus.net\/?p=395"},"modified":"2024-06-09T18:13:25","modified_gmt":"2024-06-09T16:13:25","slug":"wanderausstellung-in-velbert","status":"publish","type":"post","link":"https:\/\/aktiv-gegen-antisemitismus.net\/?p=395","title":{"rendered":"Wanderausstellung in Velbert"},"content":{"rendered":"\n<p>Wanderausstellung des Zentrums deutsche Sportgeschichte e.V.<br><\/p>\n\n\n\n<h2 class=\"wp-block-heading\">\u201eZwischen Erfolg und Verfolgung \u2013 J\u00fcdische Stars im deutschen Sport bis 1933 und danach\u201c<br><\/h2>\n\n\n\n<p>im Rahmen des Foyerprogramms im Forum Velbert, Oststra\u00dfe 20, 42551 Velbert, <\/p>\n\n\n\n<p><strong>02.07.2024 \u2013 30.07.2024<\/strong><br><\/p>\n\n\n\n<p><strong>Zur Ausstellung:<br><\/strong>15 Figuren mit einem durchschnittlichen Gewicht von 150 kg und einer H\u00f6he von 240 cm pro Figur<br>werden im Foyer des Forums Velbert Platz finden. Die Figuren sind 17 deutsch-j\u00fcdischen<br>Sportlerpers\u00f6nlichkeiten gewidmet, die als Nationalspieler, Welt- und Europameister, Olympiasieger<br>und Rekordhalter zu den gefeierten Sportstars ihrer Zeit z\u00e4hlten. Mit den \u00fcberlebensgro\u00dfen<br>Silhouetten wird an ihr Leben und ihre Erfolge erinnert. (Erstmalig wurde die Ausstellung anl\u00e4sslich<br>der Maccabi Games 2015 auf dem Washingtonplatz vor dem Berliner Hauptbahnhof gezeigt, gefolgt<br>von zahlreichen deutschen St\u00e4dten.)<br><br>Mit der Ausstellung m\u00f6chte das Velberter B\u00fcndnis &#8222;Aktiv gegen Antisemitismus&#8220; das Bewusstsein der<br>\u00d6ffentlichkeit daf\u00fcr st\u00e4rken, dass das j\u00fcdische Leben ein genauso selbstverst\u00e4ndlicher Teil deutscher<br>Geschichte, Kultur und Gesellschaft ist wie Sport ein nicht wegzudenkender Teil gesellschaftlichen<br>Wirkens und zwischenmenschlicher Interaktion. Es gilt, auf diese Weise ein Zeichen der<br>Zugeh\u00f6rigkeit, Zusammengeh\u00f6rigkeit und Solidarit\u00e4t mit J\u00fcdinnen und Juden in Deutschland zu<br>setzen.<\/p>\n\n\n\n<p><strong>Er\u00f6ffnung<\/strong><br>Die Ausstellung wird im Rahmen einer am <strong>02.07.2024, um 18:00 Uhr<\/strong> er\u00f6ffnet.<br><\/p>\n\n\n\n<p><strong>Rahmenprogramm<\/strong><br>Daraufhin folgt ein auf Dialog ausgelegtes Rahmenprogramm \u2013 ein Begleitangebot f\u00fcr verschiedene<br>Zielgruppen (Jugendliche, Sportbegeisterte, Senioren u.a.) mit der M\u00f6glichkeit, miteinander ins<br>Gespr\u00e4ch zu kommen. Dabei geht es geht es insbesondere darum, die Biographien ausgestellter<br>Sportlerpers\u00f6nlichkeiten als Ankerpunkte zu nehmen, um Antisemitismus, seine Entwicklung und<br>Folgen f\u00fcr unsere demokratische Gesellschaft zu thematisieren sowie die Teilnehmenden zu<br>sensibilisieren und zu empowern, dem Ph\u00e4nomen wachsam zu begegnen.<br><\/p>\n\n\n\n<p><strong>Interessiert?<\/strong><br>Bei Interesse, im Rahmen einer kleinen Gruppe von einem Mitglied des Velberter B\u00fcndnisses \u201eAktiv<br>gegen Antisemitismus\u201c durch die Ausstellung begleitet zu werden und sich anschlie\u00dfend dar\u00fcber<br>auszutauschen, wird um die Kontaktaufnahme zu Frau Helena Latz gebeten: helena.latz@velbert.de,<br>02051\/8009722.<\/p>\n\n\n\n<p><strong>Werbematerial?<\/strong><\/p>\n\n\n\n<ul class=\"wp-block-list\">\n<li><a href=\"http:\/\/aktiv-gegen-antisemitismus.net\/wp-content\/uploads\/2024\/05\/flyer_v-elbert_webvariante.pdf\" target=\"_blank\" rel=\"noreferrer noopener\">Einladung \/ Flyer<\/a><\/li>\n\n\n\n<li><a href=\"http:\/\/aktiv-gegen-antisemitismus.net\/wp-content\/uploads\/2024\/05\/Einladung_velbert_webvariante.pdf\" target=\"_blank\" rel=\"noreferrer noopener\">Flyer Er\u00f6ffnungsveranstaltung<\/a><\/li>\n\n\n\n<li><a href=\"http:\/\/aktiv-gegen-antisemitismus.net\/wp-content\/uploads\/2024\/05\/Jued_Sport_Plak_velbert_A3_03.pdf\" target=\"_blank\" rel=\"noreferrer noopener\">Plakat<\/a><\/li>\n\n\n\n<li><a href=\"http:\/\/aktiv-gegen-antisemitismus.net\/wp-content\/uploads\/2024\/05\/jued_sport_socialm_velbert_1920x1080_03.jpg\" target=\"_blank\" rel=\"noreferrer noopener\">Social Media 1920 x 1080<\/a><\/li>\n\n\n\n<li><a href=\"http:\/\/aktiv-gegen-antisemitismus.net\/wp-content\/uploads\/2024\/05\/jued_sport_socialm_velbert_1080x1080_03.jpg\" target=\"_blank\" rel=\"noreferrer noopener\">Social Media 1080 x 1080<\/a><\/li>\n\n\n\n<li><a href=\"http:\/\/aktiv-gegen-antisemitismus.net\/wp-content\/uploads\/2024\/05\/jued_sport_socialm_velbert_1080-\u00d7-1920_03.jpg\" target=\"_blank\" rel=\"noreferrer noopener\">Social Media 1080 x 1920<\/a><\/li>\n<\/ul>\n\n\n\n<p><strong>In Velbert umgesetzt vom Velberter B\u00fcndnis &#8222;Aktiv gegen Antisemitismus&#8220; in Kooperation mit: <\/strong><br>Stadt Velbert, Kreisintegrationszentrum Mettmann, Foyer im Forum Velbert, Cafeteria im Forum Velbert (betrieben durch die SGN), Kath. Kirchengemeinde St.Michael und Paulus, Stiftung Leuchtturm \/ Christus Gemeinde Velbert.<\/p>\n\n\n\n<p><\/p>\n\n\n\n<figure class=\"wp-block-image size-large is-resized\"><img fetchpriority=\"high\" decoding=\"async\" width=\"1024\" height=\"346\" src=\"https:\/\/aktiv-gegen-antisemitismus.net\/wp-content\/uploads\/2024\/05\/Demokratie-leben-Doppellogo-Pflicht-1024x346.png\" alt=\"\" class=\"wp-image-400\" style=\"width:500px;height:auto\" srcset=\"https:\/\/aktiv-gegen-antisemitismus.net\/wp-content\/uploads\/2024\/05\/Demokratie-leben-Doppellogo-Pflicht-1024x346.png 1024w, https:\/\/aktiv-gegen-antisemitismus.net\/wp-content\/uploads\/2024\/05\/Demokratie-leben-Doppellogo-Pflicht-300x102.png 300w, https:\/\/aktiv-gegen-antisemitismus.net\/wp-content\/uploads\/2024\/05\/Demokratie-leben-Doppellogo-Pflicht-768x260.png 768w, https:\/\/aktiv-gegen-antisemitismus.net\/wp-content\/uploads\/2024\/05\/Demokratie-leben-Doppellogo-Pflicht-100x34.png 100w, https:\/\/aktiv-gegen-antisemitismus.net\/wp-content\/uploads\/2024\/05\/Demokratie-leben-Doppellogo-Pflicht-150x51.png 150w, https:\/\/aktiv-gegen-antisemitismus.net\/wp-content\/uploads\/2024\/05\/Demokratie-leben-Doppellogo-Pflicht-200x68.png 200w, https:\/\/aktiv-gegen-antisemitismus.net\/wp-content\/uploads\/2024\/05\/Demokratie-leben-Doppellogo-Pflicht-450x152.png 450w, https:\/\/aktiv-gegen-antisemitismus.net\/wp-content\/uploads\/2024\/05\/Demokratie-leben-Doppellogo-Pflicht-600x203.png 600w, https:\/\/aktiv-gegen-antisemitismus.net\/wp-content\/uploads\/2024\/05\/Demokratie-leben-Doppellogo-Pflicht-900x305.png 900w, https:\/\/aktiv-gegen-antisemitismus.net\/wp-content\/uploads\/2024\/05\/Demokratie-leben-Doppellogo-Pflicht.png 1200w\" sizes=\"(max-width: 1024px) 100vw, 1024px\" \/><\/figure>\n\n\n\n<figure class=\"wp-block-image size-large\"><img decoding=\"async\" width=\"1024\" height=\"289\" src=\"https:\/\/aktiv-gegen-antisemitismus.net\/wp-content\/uploads\/2024\/06\/partner_final-1024x289.jpg\" alt=\"\" class=\"wp-image-416\" srcset=\"https:\/\/aktiv-gegen-antisemitismus.net\/wp-content\/uploads\/2024\/06\/partner_final-1024x289.jpg 1024w, https:\/\/aktiv-gegen-antisemitismus.net\/wp-content\/uploads\/2024\/06\/partner_final-300x85.jpg 300w, https:\/\/aktiv-gegen-antisemitismus.net\/wp-content\/uploads\/2024\/06\/partner_final-768x217.jpg 768w, https:\/\/aktiv-gegen-antisemitismus.net\/wp-content\/uploads\/2024\/06\/partner_final-100x28.jpg 100w, https:\/\/aktiv-gegen-antisemitismus.net\/wp-content\/uploads\/2024\/06\/partner_final-150x42.jpg 150w, https:\/\/aktiv-gegen-antisemitismus.net\/wp-content\/uploads\/2024\/06\/partner_final-200x57.jpg 200w, https:\/\/aktiv-gegen-antisemitismus.net\/wp-content\/uploads\/2024\/06\/partner_final-450x127.jpg 450w, https:\/\/aktiv-gegen-antisemitismus.net\/wp-content\/uploads\/2024\/06\/partner_final-600x170.jpg 600w, https:\/\/aktiv-gegen-antisemitismus.net\/wp-content\/uploads\/2024\/06\/partner_final-900x254.jpg 900w, https:\/\/aktiv-gegen-antisemitismus.net\/wp-content\/uploads\/2024\/06\/partner_final.jpg 1051w\" sizes=\"(max-width: 1024px) 100vw, 1024px\" \/><\/figure>\n","protected":false},"excerpt":{"rendered":"<p>Wanderausstellung des Zentrums deutsche Sportgeschichte e.V. \u201eZwischen Erfolg und Verfolgung \u2013 J\u00fcdische Stars im deutschen Sport bis 1933 und danach\u201c im Rahmen des Foyerprogramms im Forum Velbert, Oststra\u00dfe 20, 42551 Velbert, 02.07.2024 \u2013 30.07.2024 Zur Ausstellung:15 Figuren mit einem durchschnittlichen &hellip;<\/p>\n<p class=\"read-more\"> <a class=\"more-link\" href=\"https:\/\/aktiv-gegen-antisemitismus.net\/?p=395\"> <span class=\"screen-reader-text\">Wanderausstellung in Velbert<\/span> Weiterlesen &raquo;<\/a><\/p>\n","protected":false},"author":1,"featured_media":415,"comment_status":"closed","ping_status":"closed","sticky":false,"template":"","format":"standard","meta":{"footnotes":""},"categories":[2,9],"tags":[],"class_list":["post-395","post","type-post","status-publish","format-standard","has-post-thumbnail","hentry","category-blog","category-veranstaltung"],"_links":{"self":[{"href":"https:\/\/aktiv-gegen-antisemitismus.net\/index.php?rest_route=\/wp\/v2\/posts\/395","targetHints":{"allow":["GET"]}}],"collection":[{"href":"https:\/\/aktiv-gegen-antisemitismus.net\/index.php?rest_route=\/wp\/v2\/posts"}],"about":[{"href":"https:\/\/aktiv-gegen-antisemitismus.net\/index.php?rest_route=\/wp\/v2\/types\/post"}],"author":[{"embeddable":true,"href":"https:\/\/aktiv-gegen-antisemitismus.net\/index.php?rest_route=\/wp\/v2\/users\/1"}],"replies":[{"embeddable":true,"href":"https:\/\/aktiv-gegen-antisemitismus.net\/index.php?rest_route=%2Fwp%2Fv2%2Fcomments&post=395"}],"version-history":[{"count":10,"href":"https:\/\/aktiv-gegen-antisemitismus.net\/index.php?rest_route=\/wp\/v2\/posts\/395\/revisions"}],"predecessor-version":[{"id":424,"href":"https:\/\/aktiv-gegen-antisemitismus.net\/index.php?rest_route=\/wp\/v2\/posts\/395\/revisions\/424"}],"wp:featuredmedia":[{"embeddable":true,"href":"https:\/\/aktiv-gegen-antisemitismus.net\/index.php?rest_route=\/wp\/v2\/media\/415"}],"wp:attachment":[{"href":"https:\/\/aktiv-gegen-antisemitismus.net\/index.php?rest_route=%2Fwp%2Fv2%2Fmedia&parent=395"}],"wp:term":[{"taxonomy":"category","embeddable":true,"href":"https:\/\/aktiv-gegen-antisemitismus.net\/index.php?rest_route=%2Fwp%2Fv2%2Fcategories&post=395"},{"taxonomy":"post_tag","embeddable":true,"href":"https:\/\/aktiv-gegen-antisemitismus.net\/index.php?rest_route=%2Fwp%2Fv2%2Ftags&post=395"}],"curies":[{"name":"wp","href":"https:\/\/api.w.org\/{rel}","templated":true}]}}