{"id":426,"date":"2024-06-26T15:10:29","date_gmt":"2024-06-26T13:10:29","guid":{"rendered":"https:\/\/aktiv-gegen-antisemitismus.net\/?p=426"},"modified":"2024-06-28T22:44:57","modified_gmt":"2024-06-28T20:44:57","slug":"wanderausstellung-in-velbert-2","status":"publish","type":"post","link":"https:\/\/aktiv-gegen-antisemitismus.net\/?p=426","title":{"rendered":"Ausstellung wird am 2. Juli in Velbert er\u00f6ffnet"},"content":{"rendered":"\n<h2 class=\"wp-block-heading\"><strong>\u201eZwischen Erfolg und Verfolgung \u2013 J\u00fcdische Stars im deutschen Sport bis 1933 und danach\u201c &#8211; Ausstellung im Forum Velbert wird am 2. Juli er\u00f6ffnet<\/strong><br><\/h2>\n\n\n\n<p>Am Dienstag, 2. Juli, wird um 18 Uhr im Rahmen des Foyerprogramms im Forum Velbert (Oststra\u00dfe 20) die Wanderausstellung des Zentrums f\u00fcr deutsche Sportgeschichte er\u00f6ffnet. Nach Velbert geholt wurde sie vom Velberter B\u00fcndnis \u201eAktiv gegen Antisemitismus\u201c. B\u00fcrgermeister Dirk Lukrafka wird die Ausstellung mit einem Gru\u00dfwort er\u00f6ffnen. Im Anschluss findet ein Rundgang, begleitet vom Vertreter der DFB-Stiftung Deutsches Fu\u00dfballmuseum gGmbH, Herrn Dr. Henry Wahlig, statt.<\/p>\n\n\n\n<h3 class=\"wp-block-heading\"><strong>Zur Ausstellung:<\/strong><\/h3>\n\n\n\n<p>15 Figuren mit einem durchschnittlichen Gewicht von 150 kg und einer H\u00f6he von 240 cm pro Figur werden auf beiden Foyer-Ebenen des Forums aufgestellt. Die Figuren sind 17 deutsch-j\u00fcdischen Sportlerpers\u00f6nlichkeiten gewidmet, die als Nationalspieler, Welt- und Europameister, Olympiasieger und Rekordhalter zu den gefeierten Sportstars ihrer Zeit z\u00e4hlten. Mit den \u00fcberlebensgro\u00dfen Silhouetten wird an ihr Leben und ihre Erfolge erinnert. Erstmalig wurde die Ausstellung anl\u00e4sslich der Maccabi Games 2015 auf dem Washingtonplatz vor dem Berliner Hauptbahnhof gezeigt, gefolgt von zahlreichen deutschen St\u00e4dten.<\/p>\n\n\n\n<h3 class=\"wp-block-heading\"><strong>Wanderausstellung zu Gast im Forum Velbert<\/strong><\/h3>\n\n\n\n<p>In Velbert kann die Ausstellung vom 2. bis 30. Juli zu den regul\u00e4ren \u00d6ffnungszeiten des Forums (montags bis freitags von 10 bis 18 Uhr sowie samstags von 10 bis 16.30 Uhr) erkundet werden. Der Eintritt ist frei. Mit der Ausstellung m\u00f6chte das Velberter B\u00fcndnis &#8222;Aktiv gegen Antisemitismus&#8220; das Bewusstsein der \u00d6ffentlichkeit daf\u00fcr st\u00e4rken, dass das j\u00fcdische Leben ein genauso selbstverst\u00e4ndlicher Teil deutscher Geschichte, Kultur und Gesellschaft ist wie Sport \u2013&nbsp; ein nicht wegzudenkender Teil gesellschaftlichen Wirkens und zwischenmenschlicher Interaktion. Es gilt, auf diese Weise ein Zeichen der Zugeh\u00f6rigkeit, Zusammengeh\u00f6rigkeit und Solidarit\u00e4t mit J\u00fcdinnen und Juden in Deutschland zu setzen.<\/p>\n\n\n\n<h3 class=\"wp-block-heading\"><strong>Velberter B\u00fcndnis \u201eAktiv gegen Antisemitsmus\u201c l\u00e4dt zum Austausch ein<\/strong><\/h3>\n\n\n\n<p>Zudem werden Austauschm\u00f6glichkeiten f\u00fcr verschiedene Zielgruppen (Jugendliche, Sportbegeisterte, Senioren u.a.) angeboten. Dabei geht es insbesondere darum, die Biographien ausgestellter Sportlerpers\u00f6nlichkeiten als Ankerpunkte zu nehmen, um Antisemitismus, seine Entwicklung und Folgen f\u00fcr unsere demokratische Gesellschaft zu thematisieren sowie die Teilnehmenden zu sensibilisieren und zu st\u00e4rken, dem Ph\u00e4nomen wachsam zu begegnen. Bei Interesse begleiten Mitglieder des Velberter B\u00fcndnisses \u201eAktiv gegen Antisemitismus\u201c Kleingruppen durch die Ausstellung und bieten anschlie\u00dfend ein Dialogangebot an.<\/p>\n\n\n\n<p>R\u00fcckfragen beantwortet Helena Latz (Telefon: 0170\/5842449 oder E-Mail: <a href=\"mailto:helena.latz@velbert.de\">helena.latz@velbert.de<\/a>), Mitglied des Velberter B\u00fcndnisses \u201eAktiv gegen Antisemitismus\u201c.<\/p>\n\n\n\n<h3 class=\"wp-block-heading\"><strong>F\u00f6rderung:<\/strong><\/h3>\n\n\n\n<p>Bundesweit gef\u00f6rdert wird die Wanderausstellung durch die DFB-Kulturstiftung, den Deutschen Olympischen Sportbund (DOSB) und die Beauftragte der Bundesregierung f\u00fcr Kultur und Medien (BKM). In Velbert wird sie vom Kreisintegrationszentrum Mettmann im Rahmen des Bundesprogramms \u201eDemokratie leben!\u201c des Bundesministeriums f\u00fcr Familie, Senioren, Frauen und Jugend sowie von mehreren lokalen Akteuren unterst\u00fctzt. Dazu geh\u00f6ren neben dem Foyerprogramm im Forum Velbert und der dort durch die Sozialpsychiatrische Gesellschaft Niederberg betriebenen Cafeteria auch die katholische Kirchengemeinde St. Michael und Paulus Velbert, die Stiftung Leuchtturm sowie die Stadt Velbert.<\/p>\n\n\n\n<figure class=\"wp-block-image size-large\"><img fetchpriority=\"high\" decoding=\"async\" width=\"1024\" height=\"576\" src=\"http:\/\/aktiv-gegen-antisemitismus.net\/wp-content\/uploads\/2024\/05\/jued_sport_socialm_velbert_1920x1080_03-1024x576.jpg\" alt=\"\" class=\"wp-image-415\" srcset=\"https:\/\/aktiv-gegen-antisemitismus.net\/wp-content\/uploads\/2024\/05\/jued_sport_socialm_velbert_1920x1080_03-1024x576.jpg 1024w, https:\/\/aktiv-gegen-antisemitismus.net\/wp-content\/uploads\/2024\/05\/jued_sport_socialm_velbert_1920x1080_03-300x169.jpg 300w, https:\/\/aktiv-gegen-antisemitismus.net\/wp-content\/uploads\/2024\/05\/jued_sport_socialm_velbert_1920x1080_03-768x432.jpg 768w, https:\/\/aktiv-gegen-antisemitismus.net\/wp-content\/uploads\/2024\/05\/jued_sport_socialm_velbert_1920x1080_03-1536x864.jpg 1536w, https:\/\/aktiv-gegen-antisemitismus.net\/wp-content\/uploads\/2024\/05\/jued_sport_socialm_velbert_1920x1080_03-100x56.jpg 100w, https:\/\/aktiv-gegen-antisemitismus.net\/wp-content\/uploads\/2024\/05\/jued_sport_socialm_velbert_1920x1080_03-150x84.jpg 150w, https:\/\/aktiv-gegen-antisemitismus.net\/wp-content\/uploads\/2024\/05\/jued_sport_socialm_velbert_1920x1080_03-200x113.jpg 200w, https:\/\/aktiv-gegen-antisemitismus.net\/wp-content\/uploads\/2024\/05\/jued_sport_socialm_velbert_1920x1080_03-450x253.jpg 450w, https:\/\/aktiv-gegen-antisemitismus.net\/wp-content\/uploads\/2024\/05\/jued_sport_socialm_velbert_1920x1080_03-600x338.jpg 600w, https:\/\/aktiv-gegen-antisemitismus.net\/wp-content\/uploads\/2024\/05\/jued_sport_socialm_velbert_1920x1080_03-900x506.jpg 900w, https:\/\/aktiv-gegen-antisemitismus.net\/wp-content\/uploads\/2024\/05\/jued_sport_socialm_velbert_1920x1080_03.jpg 1920w\" sizes=\"(max-width: 1024px) 100vw, 1024px\" \/><\/figure>\n\n\n\n<h3 class=\"wp-block-heading\"><strong>Werbematerial?<\/strong><\/h3>\n\n\n\n<ul class=\"wp-block-list\">\n<li><a href=\"http:\/\/aktiv-gegen-antisemitismus.net\/wp-content\/uploads\/2024\/05\/flyer_v-elbert_webvariante.pdf\" target=\"_blank\" rel=\"noreferrer noopener\">Einladung \/ Flyer<\/a><\/li>\n\n\n\n<li><a href=\"http:\/\/aktiv-gegen-antisemitismus.net\/wp-content\/uploads\/2024\/05\/Einladung_velbert_webvariante.pdf\" target=\"_blank\" rel=\"noreferrer noopener\">Flyer Er\u00f6ffnungsveranstaltung<\/a><\/li>\n\n\n\n<li><a href=\"http:\/\/aktiv-gegen-antisemitismus.net\/wp-content\/uploads\/2024\/05\/Jued_Sport_Plak_velbert_A3_03.pdf\" target=\"_blank\" rel=\"noreferrer noopener\">Plakat<\/a><\/li>\n\n\n\n<li><a href=\"http:\/\/aktiv-gegen-antisemitismus.net\/wp-content\/uploads\/2024\/05\/jued_sport_socialm_velbert_1920x1080_03.jpg\" target=\"_blank\" rel=\"noreferrer noopener\">Social Media 1920 x 1080<\/a><\/li>\n\n\n\n<li><a href=\"http:\/\/aktiv-gegen-antisemitismus.net\/wp-content\/uploads\/2024\/05\/jued_sport_socialm_velbert_1080x1080_03.jpg\" target=\"_blank\" rel=\"noreferrer noopener\">Social Media 1080 x 1080<\/a><\/li>\n\n\n\n<li><a href=\"http:\/\/aktiv-gegen-antisemitismus.net\/wp-content\/uploads\/2024\/05\/jued_sport_socialm_velbert_1080-\u00d7-1920_03.jpg\" target=\"_blank\" rel=\"noreferrer noopener\">Social Media 1080 x 1920<\/a><\/li>\n<\/ul>\n\n\n\n<p><strong>In Velbert umgesetzt vom Velberter B\u00fcndnis &#8222;Aktiv gegen Antisemitismus&#8220; in Kooperation mit: <\/strong><br>Stadt Velbert, Kreisintegrationszentrum Mettmann, Foyer im Forum Velbert, Cafeteria im Forum Velbert (betrieben durch die SGN), Kath. Kirchengemeinde St.Michael und Paulus, Stiftung Leuchtturm \/ Christus Gemeinde Velbert.<\/p>\n\n\n\n<p>Foto: Titelfoto by Laura Soria (Ausstellung vor dem Hauptbahnhof in Berlin) <\/p>\n\n\n\n<figure class=\"wp-block-image size-large is-resized\"><img decoding=\"async\" width=\"1024\" height=\"346\" src=\"https:\/\/aktiv-gegen-antisemitismus.net\/wp-content\/uploads\/2024\/05\/Demokratie-leben-Doppellogo-Pflicht-1024x346.png\" alt=\"\" class=\"wp-image-400\" style=\"width:500px;height:auto\" srcset=\"https:\/\/aktiv-gegen-antisemitismus.net\/wp-content\/uploads\/2024\/05\/Demokratie-leben-Doppellogo-Pflicht-1024x346.png 1024w, https:\/\/aktiv-gegen-antisemitismus.net\/wp-content\/uploads\/2024\/05\/Demokratie-leben-Doppellogo-Pflicht-300x102.png 300w, https:\/\/aktiv-gegen-antisemitismus.net\/wp-content\/uploads\/2024\/05\/Demokratie-leben-Doppellogo-Pflicht-768x260.png 768w, https:\/\/aktiv-gegen-antisemitismus.net\/wp-content\/uploads\/2024\/05\/Demokratie-leben-Doppellogo-Pflicht-100x34.png 100w, https:\/\/aktiv-gegen-antisemitismus.net\/wp-content\/uploads\/2024\/05\/Demokratie-leben-Doppellogo-Pflicht-150x51.png 150w, https:\/\/aktiv-gegen-antisemitismus.net\/wp-content\/uploads\/2024\/05\/Demokratie-leben-Doppellogo-Pflicht-200x68.png 200w, https:\/\/aktiv-gegen-antisemitismus.net\/wp-content\/uploads\/2024\/05\/Demokratie-leben-Doppellogo-Pflicht-450x152.png 450w, https:\/\/aktiv-gegen-antisemitismus.net\/wp-content\/uploads\/2024\/05\/Demokratie-leben-Doppellogo-Pflicht-600x203.png 600w, https:\/\/aktiv-gegen-antisemitismus.net\/wp-content\/uploads\/2024\/05\/Demokratie-leben-Doppellogo-Pflicht-900x305.png 900w, https:\/\/aktiv-gegen-antisemitismus.net\/wp-content\/uploads\/2024\/05\/Demokratie-leben-Doppellogo-Pflicht.png 1200w\" sizes=\"(max-width: 1024px) 100vw, 1024px\" \/><\/figure>\n\n\n\n<figure class=\"wp-block-image size-large\"><img decoding=\"async\" width=\"1024\" height=\"289\" src=\"https:\/\/aktiv-gegen-antisemitismus.net\/wp-content\/uploads\/2024\/06\/partner_final-1024x289.jpg\" alt=\"\" class=\"wp-image-416\" srcset=\"https:\/\/aktiv-gegen-antisemitismus.net\/wp-content\/uploads\/2024\/06\/partner_final-1024x289.jpg 1024w, https:\/\/aktiv-gegen-antisemitismus.net\/wp-content\/uploads\/2024\/06\/partner_final-300x85.jpg 300w, https:\/\/aktiv-gegen-antisemitismus.net\/wp-content\/uploads\/2024\/06\/partner_final-768x217.jpg 768w, https:\/\/aktiv-gegen-antisemitismus.net\/wp-content\/uploads\/2024\/06\/partner_final-100x28.jpg 100w, https:\/\/aktiv-gegen-antisemitismus.net\/wp-content\/uploads\/2024\/06\/partner_final-150x42.jpg 150w, https:\/\/aktiv-gegen-antisemitismus.net\/wp-content\/uploads\/2024\/06\/partner_final-200x57.jpg 200w, https:\/\/aktiv-gegen-antisemitismus.net\/wp-content\/uploads\/2024\/06\/partner_final-450x127.jpg 450w, https:\/\/aktiv-gegen-antisemitismus.net\/wp-content\/uploads\/2024\/06\/partner_final-600x170.jpg 600w, https:\/\/aktiv-gegen-antisemitismus.net\/wp-content\/uploads\/2024\/06\/partner_final-900x254.jpg 900w, https:\/\/aktiv-gegen-antisemitismus.net\/wp-content\/uploads\/2024\/06\/partner_final.jpg 1051w\" sizes=\"(max-width: 1024px) 100vw, 1024px\" \/><\/figure>\n\n\n\n<figure class=\"wp-block-image size-large\"><img loading=\"lazy\" decoding=\"async\" width=\"1024\" height=\"726\" src=\"http:\/\/aktiv-gegen-antisemitismus.net\/wp-content\/uploads\/2024\/06\/Zwischen-Erfolg-und-Verfolgung_@_Hermann_Haarmann-4-1024x726.jpg\" alt=\"\" class=\"wp-image-440\" srcset=\"https:\/\/aktiv-gegen-antisemitismus.net\/wp-content\/uploads\/2024\/06\/Zwischen-Erfolg-und-Verfolgung_@_Hermann_Haarmann-4-1024x726.jpg 1024w, https:\/\/aktiv-gegen-antisemitismus.net\/wp-content\/uploads\/2024\/06\/Zwischen-Erfolg-und-Verfolgung_@_Hermann_Haarmann-4-300x213.jpg 300w, https:\/\/aktiv-gegen-antisemitismus.net\/wp-content\/uploads\/2024\/06\/Zwischen-Erfolg-und-Verfolgung_@_Hermann_Haarmann-4-768x545.jpg 768w, https:\/\/aktiv-gegen-antisemitismus.net\/wp-content\/uploads\/2024\/06\/Zwischen-Erfolg-und-Verfolgung_@_Hermann_Haarmann-4-1536x1090.jpg 1536w, https:\/\/aktiv-gegen-antisemitismus.net\/wp-content\/uploads\/2024\/06\/Zwischen-Erfolg-und-Verfolgung_@_Hermann_Haarmann-4-2048x1453.jpg 2048w, https:\/\/aktiv-gegen-antisemitismus.net\/wp-content\/uploads\/2024\/06\/Zwischen-Erfolg-und-Verfolgung_@_Hermann_Haarmann-4-100x71.jpg 100w, https:\/\/aktiv-gegen-antisemitismus.net\/wp-content\/uploads\/2024\/06\/Zwischen-Erfolg-und-Verfolgung_@_Hermann_Haarmann-4-150x106.jpg 150w, https:\/\/aktiv-gegen-antisemitismus.net\/wp-content\/uploads\/2024\/06\/Zwischen-Erfolg-und-Verfolgung_@_Hermann_Haarmann-4-200x142.jpg 200w, https:\/\/aktiv-gegen-antisemitismus.net\/wp-content\/uploads\/2024\/06\/Zwischen-Erfolg-und-Verfolgung_@_Hermann_Haarmann-4-450x319.jpg 450w, https:\/\/aktiv-gegen-antisemitismus.net\/wp-content\/uploads\/2024\/06\/Zwischen-Erfolg-und-Verfolgung_@_Hermann_Haarmann-4-600x426.jpg 600w, https:\/\/aktiv-gegen-antisemitismus.net\/wp-content\/uploads\/2024\/06\/Zwischen-Erfolg-und-Verfolgung_@_Hermann_Haarmann-4-900x639.jpg 900w\" sizes=\"(max-width: 1024px) 100vw, 1024px\" \/><figcaption class=\"wp-element-caption\">Besuch der Ausstellung in  Osnabr\u00fcck: Bildnachweis: Hermann Haamann, mit freundlicher Genehmigung<br> <\/figcaption><\/figure>\n\n\n\n<figure class=\"wp-block-image size-large\"><img loading=\"lazy\" decoding=\"async\" width=\"1024\" height=\"683\" src=\"http:\/\/aktiv-gegen-antisemitismus.net\/wp-content\/uploads\/2024\/06\/Zwischen-Erfolg-und-Verfolgung__@_Hermann_Haarmann-2-1024x683.jpg\" alt=\"\" class=\"wp-image-441\" srcset=\"https:\/\/aktiv-gegen-antisemitismus.net\/wp-content\/uploads\/2024\/06\/Zwischen-Erfolg-und-Verfolgung__@_Hermann_Haarmann-2-1024x683.jpg 1024w, https:\/\/aktiv-gegen-antisemitismus.net\/wp-content\/uploads\/2024\/06\/Zwischen-Erfolg-und-Verfolgung__@_Hermann_Haarmann-2-300x200.jpg 300w, https:\/\/aktiv-gegen-antisemitismus.net\/wp-content\/uploads\/2024\/06\/Zwischen-Erfolg-und-Verfolgung__@_Hermann_Haarmann-2-768x512.jpg 768w, https:\/\/aktiv-gegen-antisemitismus.net\/wp-content\/uploads\/2024\/06\/Zwischen-Erfolg-und-Verfolgung__@_Hermann_Haarmann-2-1536x1024.jpg 1536w, https:\/\/aktiv-gegen-antisemitismus.net\/wp-content\/uploads\/2024\/06\/Zwischen-Erfolg-und-Verfolgung__@_Hermann_Haarmann-2-2048x1366.jpg 2048w, https:\/\/aktiv-gegen-antisemitismus.net\/wp-content\/uploads\/2024\/06\/Zwischen-Erfolg-und-Verfolgung__@_Hermann_Haarmann-2-100x67.jpg 100w, https:\/\/aktiv-gegen-antisemitismus.net\/wp-content\/uploads\/2024\/06\/Zwischen-Erfolg-und-Verfolgung__@_Hermann_Haarmann-2-150x100.jpg 150w, https:\/\/aktiv-gegen-antisemitismus.net\/wp-content\/uploads\/2024\/06\/Zwischen-Erfolg-und-Verfolgung__@_Hermann_Haarmann-2-200x133.jpg 200w, https:\/\/aktiv-gegen-antisemitismus.net\/wp-content\/uploads\/2024\/06\/Zwischen-Erfolg-und-Verfolgung__@_Hermann_Haarmann-2-450x300.jpg 450w, https:\/\/aktiv-gegen-antisemitismus.net\/wp-content\/uploads\/2024\/06\/Zwischen-Erfolg-und-Verfolgung__@_Hermann_Haarmann-2-600x400.jpg 600w, https:\/\/aktiv-gegen-antisemitismus.net\/wp-content\/uploads\/2024\/06\/Zwischen-Erfolg-und-Verfolgung__@_Hermann_Haarmann-2-900x600.jpg 900w\" sizes=\"(max-width: 1024px) 100vw, 1024px\" \/><figcaption class=\"wp-element-caption\">Besuch der Ausstellung in  Osnabr\u00fcck: Bildnachweis: Hermann Haamann, mit freundlicher Genehmigung<\/figcaption><\/figure>\n\n\n\n<figure class=\"wp-block-image size-large\"><img loading=\"lazy\" decoding=\"async\" width=\"1024\" height=\"810\" src=\"http:\/\/aktiv-gegen-antisemitismus.net\/wp-content\/uploads\/2024\/06\/Zwischen-Erfolg-und-Verfolgung_@_Hermann-Haarmann-1-1024x810.jpg\" alt=\"\" class=\"wp-image-439\" srcset=\"https:\/\/aktiv-gegen-antisemitismus.net\/wp-content\/uploads\/2024\/06\/Zwischen-Erfolg-und-Verfolgung_@_Hermann-Haarmann-1-1024x810.jpg 1024w, https:\/\/aktiv-gegen-antisemitismus.net\/wp-content\/uploads\/2024\/06\/Zwischen-Erfolg-und-Verfolgung_@_Hermann-Haarmann-1-300x237.jpg 300w, https:\/\/aktiv-gegen-antisemitismus.net\/wp-content\/uploads\/2024\/06\/Zwischen-Erfolg-und-Verfolgung_@_Hermann-Haarmann-1-768x608.jpg 768w, https:\/\/aktiv-gegen-antisemitismus.net\/wp-content\/uploads\/2024\/06\/Zwischen-Erfolg-und-Verfolgung_@_Hermann-Haarmann-1-1536x1215.jpg 1536w, https:\/\/aktiv-gegen-antisemitismus.net\/wp-content\/uploads\/2024\/06\/Zwischen-Erfolg-und-Verfolgung_@_Hermann-Haarmann-1-2048x1620.jpg 2048w, https:\/\/aktiv-gegen-antisemitismus.net\/wp-content\/uploads\/2024\/06\/Zwischen-Erfolg-und-Verfolgung_@_Hermann-Haarmann-1-100x79.jpg 100w, https:\/\/aktiv-gegen-antisemitismus.net\/wp-content\/uploads\/2024\/06\/Zwischen-Erfolg-und-Verfolgung_@_Hermann-Haarmann-1-150x119.jpg 150w, https:\/\/aktiv-gegen-antisemitismus.net\/wp-content\/uploads\/2024\/06\/Zwischen-Erfolg-und-Verfolgung_@_Hermann-Haarmann-1-200x158.jpg 200w, https:\/\/aktiv-gegen-antisemitismus.net\/wp-content\/uploads\/2024\/06\/Zwischen-Erfolg-und-Verfolgung_@_Hermann-Haarmann-1-450x356.jpg 450w, https:\/\/aktiv-gegen-antisemitismus.net\/wp-content\/uploads\/2024\/06\/Zwischen-Erfolg-und-Verfolgung_@_Hermann-Haarmann-1-600x475.jpg 600w, https:\/\/aktiv-gegen-antisemitismus.net\/wp-content\/uploads\/2024\/06\/Zwischen-Erfolg-und-Verfolgung_@_Hermann-Haarmann-1-900x712.jpg 900w\" sizes=\"(max-width: 1024px) 100vw, 1024px\" \/><figcaption class=\"wp-element-caption\">Besuch der Ausstellung in Osnabr\u00fcck: Bildnachweis: Hermann Haamann, mit freundlicher Genehmigung<\/figcaption><\/figure>\n\n\n\n<figure class=\"wp-block-image size-large\"><img loading=\"lazy\" decoding=\"async\" width=\"1024\" height=\"575\" src=\"http:\/\/aktiv-gegen-antisemitismus.net\/wp-content\/uploads\/2024\/06\/Leipzig-2017-M-Schaebitz-1024x575.png\" alt=\"\" class=\"wp-image-438\" srcset=\"https:\/\/aktiv-gegen-antisemitismus.net\/wp-content\/uploads\/2024\/06\/Leipzig-2017-M-Schaebitz-1024x575.png 1024w, https:\/\/aktiv-gegen-antisemitismus.net\/wp-content\/uploads\/2024\/06\/Leipzig-2017-M-Schaebitz-300x168.png 300w, https:\/\/aktiv-gegen-antisemitismus.net\/wp-content\/uploads\/2024\/06\/Leipzig-2017-M-Schaebitz-768x431.png 768w, https:\/\/aktiv-gegen-antisemitismus.net\/wp-content\/uploads\/2024\/06\/Leipzig-2017-M-Schaebitz-1536x863.png 1536w, https:\/\/aktiv-gegen-antisemitismus.net\/wp-content\/uploads\/2024\/06\/Leipzig-2017-M-Schaebitz-100x56.png 100w, https:\/\/aktiv-gegen-antisemitismus.net\/wp-content\/uploads\/2024\/06\/Leipzig-2017-M-Schaebitz-150x84.png 150w, https:\/\/aktiv-gegen-antisemitismus.net\/wp-content\/uploads\/2024\/06\/Leipzig-2017-M-Schaebitz-200x112.png 200w, https:\/\/aktiv-gegen-antisemitismus.net\/wp-content\/uploads\/2024\/06\/Leipzig-2017-M-Schaebitz-450x253.png 450w, https:\/\/aktiv-gegen-antisemitismus.net\/wp-content\/uploads\/2024\/06\/Leipzig-2017-M-Schaebitz-600x337.png 600w, https:\/\/aktiv-gegen-antisemitismus.net\/wp-content\/uploads\/2024\/06\/Leipzig-2017-M-Schaebitz-900x505.png 900w, https:\/\/aktiv-gegen-antisemitismus.net\/wp-content\/uploads\/2024\/06\/Leipzig-2017-M-Schaebitz.png 1754w\" sizes=\"(max-width: 1024px) 100vw, 1024px\" \/><figcaption class=\"wp-element-caption\">Besuch der Ausstellung in Leipzig: Bildnachweis: Michael Sch\u00e4bitz, mit freundlicher Genehmigung<\/figcaption><\/figure>\n\n\n\n<figure class=\"wp-block-image size-large\"><img loading=\"lazy\" decoding=\"async\" width=\"1024\" height=\"576\" src=\"http:\/\/aktiv-gegen-antisemitismus.net\/wp-content\/uploads\/2024\/06\/Hildesheim-2016-M.Schaebitz-1024x576.jpg\" alt=\"\" class=\"wp-image-437\" srcset=\"https:\/\/aktiv-gegen-antisemitismus.net\/wp-content\/uploads\/2024\/06\/Hildesheim-2016-M.Schaebitz-1024x576.jpg 1024w, https:\/\/aktiv-gegen-antisemitismus.net\/wp-content\/uploads\/2024\/06\/Hildesheim-2016-M.Schaebitz-300x169.jpg 300w, https:\/\/aktiv-gegen-antisemitismus.net\/wp-content\/uploads\/2024\/06\/Hildesheim-2016-M.Schaebitz-768x432.jpg 768w, https:\/\/aktiv-gegen-antisemitismus.net\/wp-content\/uploads\/2024\/06\/Hildesheim-2016-M.Schaebitz-1536x864.jpg 1536w, https:\/\/aktiv-gegen-antisemitismus.net\/wp-content\/uploads\/2024\/06\/Hildesheim-2016-M.Schaebitz-2048x1152.jpg 2048w, https:\/\/aktiv-gegen-antisemitismus.net\/wp-content\/uploads\/2024\/06\/Hildesheim-2016-M.Schaebitz-100x56.jpg 100w, https:\/\/aktiv-gegen-antisemitismus.net\/wp-content\/uploads\/2024\/06\/Hildesheim-2016-M.Schaebitz-150x84.jpg 150w, https:\/\/aktiv-gegen-antisemitismus.net\/wp-content\/uploads\/2024\/06\/Hildesheim-2016-M.Schaebitz-200x113.jpg 200w, https:\/\/aktiv-gegen-antisemitismus.net\/wp-content\/uploads\/2024\/06\/Hildesheim-2016-M.Schaebitz-450x253.jpg 450w, https:\/\/aktiv-gegen-antisemitismus.net\/wp-content\/uploads\/2024\/06\/Hildesheim-2016-M.Schaebitz-600x338.jpg 600w, https:\/\/aktiv-gegen-antisemitismus.net\/wp-content\/uploads\/2024\/06\/Hildesheim-2016-M.Schaebitz-900x506.jpg 900w\" sizes=\"(max-width: 1024px) 100vw, 1024px\" \/><figcaption class=\"wp-element-caption\">Besuch der Ausstellung in Hildesheim: Bildnachweis: Michael Sch\u00e4bitz, mit freundlicher Genehmigung<\/figcaption><\/figure>\n\n\n\n<figure class=\"wp-block-image size-large\"><img loading=\"lazy\" decoding=\"async\" width=\"1024\" height=\"683\" src=\"http:\/\/aktiv-gegen-antisemitismus.net\/wp-content\/uploads\/2024\/06\/\u00aelaura_soria_MG_3258-1024x683.jpg\" alt=\"\" class=\"wp-image-434\" srcset=\"https:\/\/aktiv-gegen-antisemitismus.net\/wp-content\/uploads\/2024\/06\/\u00aelaura_soria_MG_3258-1024x683.jpg 1024w, https:\/\/aktiv-gegen-antisemitismus.net\/wp-content\/uploads\/2024\/06\/\u00aelaura_soria_MG_3258-300x200.jpg 300w, https:\/\/aktiv-gegen-antisemitismus.net\/wp-content\/uploads\/2024\/06\/\u00aelaura_soria_MG_3258-768x512.jpg 768w, https:\/\/aktiv-gegen-antisemitismus.net\/wp-content\/uploads\/2024\/06\/\u00aelaura_soria_MG_3258-1536x1024.jpg 1536w, https:\/\/aktiv-gegen-antisemitismus.net\/wp-content\/uploads\/2024\/06\/\u00aelaura_soria_MG_3258-100x67.jpg 100w, https:\/\/aktiv-gegen-antisemitismus.net\/wp-content\/uploads\/2024\/06\/\u00aelaura_soria_MG_3258-150x100.jpg 150w, https:\/\/aktiv-gegen-antisemitismus.net\/wp-content\/uploads\/2024\/06\/\u00aelaura_soria_MG_3258-200x133.jpg 200w, https:\/\/aktiv-gegen-antisemitismus.net\/wp-content\/uploads\/2024\/06\/\u00aelaura_soria_MG_3258-450x300.jpg 450w, https:\/\/aktiv-gegen-antisemitismus.net\/wp-content\/uploads\/2024\/06\/\u00aelaura_soria_MG_3258-600x400.jpg 600w, https:\/\/aktiv-gegen-antisemitismus.net\/wp-content\/uploads\/2024\/06\/\u00aelaura_soria_MG_3258-900x600.jpg 900w, https:\/\/aktiv-gegen-antisemitismus.net\/wp-content\/uploads\/2024\/06\/\u00aelaura_soria_MG_3258.jpg 2048w\" sizes=\"(max-width: 1024px) 100vw, 1024px\" \/><figcaption class=\"wp-element-caption\">Besuch der Ausstellung in Berlin-Mitte, Platz vor dem Hauptbahnhof: Bildnachweis: Laura Soria, mit freundlicher Genehmigung<\/figcaption><\/figure>\n\n\n\n<figure class=\"wp-block-image size-large\"><img loading=\"lazy\" decoding=\"async\" width=\"1024\" height=\"683\" src=\"http:\/\/aktiv-gegen-antisemitismus.net\/wp-content\/uploads\/2024\/06\/\u00aelaura_soria_MG_3264-1024x683.jpg\" alt=\"\" class=\"wp-image-435\" srcset=\"https:\/\/aktiv-gegen-antisemitismus.net\/wp-content\/uploads\/2024\/06\/\u00aelaura_soria_MG_3264-1024x683.jpg 1024w, https:\/\/aktiv-gegen-antisemitismus.net\/wp-content\/uploads\/2024\/06\/\u00aelaura_soria_MG_3264-300x200.jpg 300w, https:\/\/aktiv-gegen-antisemitismus.net\/wp-content\/uploads\/2024\/06\/\u00aelaura_soria_MG_3264-768x512.jpg 768w, https:\/\/aktiv-gegen-antisemitismus.net\/wp-content\/uploads\/2024\/06\/\u00aelaura_soria_MG_3264-1536x1024.jpg 1536w, https:\/\/aktiv-gegen-antisemitismus.net\/wp-content\/uploads\/2024\/06\/\u00aelaura_soria_MG_3264-100x67.jpg 100w, https:\/\/aktiv-gegen-antisemitismus.net\/wp-content\/uploads\/2024\/06\/\u00aelaura_soria_MG_3264-150x100.jpg 150w, https:\/\/aktiv-gegen-antisemitismus.net\/wp-content\/uploads\/2024\/06\/\u00aelaura_soria_MG_3264-200x133.jpg 200w, https:\/\/aktiv-gegen-antisemitismus.net\/wp-content\/uploads\/2024\/06\/\u00aelaura_soria_MG_3264-450x300.jpg 450w, https:\/\/aktiv-gegen-antisemitismus.net\/wp-content\/uploads\/2024\/06\/\u00aelaura_soria_MG_3264-600x400.jpg 600w, https:\/\/aktiv-gegen-antisemitismus.net\/wp-content\/uploads\/2024\/06\/\u00aelaura_soria_MG_3264-900x600.jpg 900w, https:\/\/aktiv-gegen-antisemitismus.net\/wp-content\/uploads\/2024\/06\/\u00aelaura_soria_MG_3264.jpg 2048w\" sizes=\"(max-width: 1024px) 100vw, 1024px\" \/><figcaption class=\"wp-element-caption\">Besuch der Ausstellung in Berlin-Mitte, Platz vor dem Hauptbahnhof: Bildnachweis: Laura Soria, mit freundlicher Genehmigung<\/figcaption><\/figure>\n\n\n\n<figure class=\"wp-block-image size-full is-resized\"><img loading=\"lazy\" decoding=\"async\" width=\"971\" height=\"923\" src=\"http:\/\/aktiv-gegen-antisemitismus.net\/wp-content\/uploads\/2024\/06\/\u00aelaura_soria_MG_3299_Handshake-zugeschnitten.jpg\" alt=\"\" class=\"wp-image-436\" style=\"width:840px;height:auto\" srcset=\"https:\/\/aktiv-gegen-antisemitismus.net\/wp-content\/uploads\/2024\/06\/\u00aelaura_soria_MG_3299_Handshake-zugeschnitten.jpg 971w, https:\/\/aktiv-gegen-antisemitismus.net\/wp-content\/uploads\/2024\/06\/\u00aelaura_soria_MG_3299_Handshake-zugeschnitten-300x285.jpg 300w, https:\/\/aktiv-gegen-antisemitismus.net\/wp-content\/uploads\/2024\/06\/\u00aelaura_soria_MG_3299_Handshake-zugeschnitten-768x730.jpg 768w, https:\/\/aktiv-gegen-antisemitismus.net\/wp-content\/uploads\/2024\/06\/\u00aelaura_soria_MG_3299_Handshake-zugeschnitten-100x95.jpg 100w, https:\/\/aktiv-gegen-antisemitismus.net\/wp-content\/uploads\/2024\/06\/\u00aelaura_soria_MG_3299_Handshake-zugeschnitten-150x143.jpg 150w, https:\/\/aktiv-gegen-antisemitismus.net\/wp-content\/uploads\/2024\/06\/\u00aelaura_soria_MG_3299_Handshake-zugeschnitten-200x190.jpg 200w, https:\/\/aktiv-gegen-antisemitismus.net\/wp-content\/uploads\/2024\/06\/\u00aelaura_soria_MG_3299_Handshake-zugeschnitten-450x428.jpg 450w, https:\/\/aktiv-gegen-antisemitismus.net\/wp-content\/uploads\/2024\/06\/\u00aelaura_soria_MG_3299_Handshake-zugeschnitten-600x570.jpg 600w, https:\/\/aktiv-gegen-antisemitismus.net\/wp-content\/uploads\/2024\/06\/\u00aelaura_soria_MG_3299_Handshake-zugeschnitten-900x856.jpg 900w\" sizes=\"(max-width: 971px) 100vw, 971px\" \/><figcaption class=\"wp-element-caption\">Besuch der Ausstellung in Berlin-Mitte, Platz vor dem Hauptbahnhof: Bildnachweis: Laura Soria, mit freundlicher Genehmigung<\/figcaption><\/figure>\n","protected":false},"excerpt":{"rendered":"<p>\u201eZwischen Erfolg und Verfolgung \u2013 J\u00fcdische Stars im deutschen Sport bis 1933 und danach\u201c &#8211; Ausstellung im Forum Velbert wird am 2. Juli er\u00f6ffnet Am Dienstag, 2. Juli, wird um 18 Uhr im Rahmen des Foyerprogramms im Forum Velbert (Oststra\u00dfe &hellip;<\/p>\n<p class=\"read-more\"> <a class=\"more-link\" href=\"https:\/\/aktiv-gegen-antisemitismus.net\/?p=426\"> <span class=\"screen-reader-text\">Ausstellung wird am 2. Juli in Velbert er\u00f6ffnet<\/span> Weiterlesen &raquo;<\/a><\/p>\n","protected":false},"author":1,"featured_media":434,"comment_status":"closed","ping_status":"closed","sticky":false,"template":"","format":"standard","meta":{"footnotes":""},"categories":[2,9],"tags":[],"class_list":["post-426","post","type-post","status-publish","format-standard","has-post-thumbnail","hentry","category-blog","category-veranstaltung"],"_links":{"self":[{"href":"https:\/\/aktiv-gegen-antisemitismus.net\/index.php?rest_route=\/wp\/v2\/posts\/426","targetHints":{"allow":["GET"]}}],"collection":[{"href":"https:\/\/aktiv-gegen-antisemitismus.net\/index.php?rest_route=\/wp\/v2\/posts"}],"about":[{"href":"https:\/\/aktiv-gegen-antisemitismus.net\/index.php?rest_route=\/wp\/v2\/types\/post"}],"author":[{"embeddable":true,"href":"https:\/\/aktiv-gegen-antisemitismus.net\/index.php?rest_route=\/wp\/v2\/users\/1"}],"replies":[{"embeddable":true,"href":"https:\/\/aktiv-gegen-antisemitismus.net\/index.php?rest_route=%2Fwp%2Fv2%2Fcomments&post=426"}],"version-history":[{"count":6,"href":"https:\/\/aktiv-gegen-antisemitismus.net\/index.php?rest_route=\/wp\/v2\/posts\/426\/revisions"}],"predecessor-version":[{"id":450,"href":"https:\/\/aktiv-gegen-antisemitismus.net\/index.php?rest_route=\/wp\/v2\/posts\/426\/revisions\/450"}],"wp:featuredmedia":[{"embeddable":true,"href":"https:\/\/aktiv-gegen-antisemitismus.net\/index.php?rest_route=\/wp\/v2\/media\/434"}],"wp:attachment":[{"href":"https:\/\/aktiv-gegen-antisemitismus.net\/index.php?rest_route=%2Fwp%2Fv2%2Fmedia&parent=426"}],"wp:term":[{"taxonomy":"category","embeddable":true,"href":"https:\/\/aktiv-gegen-antisemitismus.net\/index.php?rest_route=%2Fwp%2Fv2%2Fcategories&post=426"},{"taxonomy":"post_tag","embeddable":true,"href":"https:\/\/aktiv-gegen-antisemitismus.net\/index.php?rest_route=%2Fwp%2Fv2%2Ftags&post=426"}],"curies":[{"name":"wp","href":"https:\/\/api.w.org\/{rel}","templated":true}]}}