{"id":548,"date":"2026-01-24T12:55:49","date_gmt":"2026-01-24T11:55:49","guid":{"rendered":"https:\/\/aktiv-gegen-antisemitismus.net\/?p=548"},"modified":"2026-01-24T12:55:50","modified_gmt":"2026-01-24T11:55:50","slug":"gedenkfeier-fuer-die-opfer-des-nationalsozialismus","status":"publish","type":"post","link":"https:\/\/aktiv-gegen-antisemitismus.net\/?p=548","title":{"rendered":"Gedenkfeier f\u00fcr die Opfer des Nationalsozialismus"},"content":{"rendered":"\n<p>Am Dienstag, den <strong>27. Januar 2026<\/strong>, um <strong>18 Uhr<\/strong> l\u00e4dt die Evangelische Kirchengemeinde Velbert-Dalbecksbaum erneut zur j\u00e4hrlichen <strong>Gedenkfeier f\u00fcr die Opfer des Nationalsozialismus<\/strong> in die <strong>Apostelkirche, Wichernstra\u00dfe 1 in Velbert<\/strong> ein.<\/p>\n\n\n\n<p>In diesem Jahr wird an die Holocaust-\u00dcberlebende Margot Friedl\u00e4nder erinnert, die im Mai 2025 im Alter von 103 Jahren verstorben ist. Es wird aus ihren B\u00fcchern \u201eVersuche dein Leben zu machen\u201c und \u201eIch tue es f\u00fcr euch\u201c gelesen.<\/p>\n\n\n\n<p>Die Veranstaltung wird musikalisch begleitet und durch ein Gespr\u00e4ch der Sch\u00fclerinnen der Gesamtschule Velbert mit dem Vorsitzenden der J\u00fcdischen Kultusgemeinde Wuppertal, Leonid Goldberg, abgerundet.<\/p>\n\n\n\n<p>Die Moderation \u00fcbernimmt Herr Superintendent Wolfhard G\u00fcnther.<\/p>\n","protected":false},"excerpt":{"rendered":"<p>Am Dienstag, den 27. Januar 2026, um 18 Uhr l\u00e4dt die Evangelische Kirchengemeinde Velbert-Dalbecksbaum erneut zur j\u00e4hrlichen Gedenkfeier f\u00fcr die Opfer des Nationalsozialismus in die Apostelkirche, Wichernstra\u00dfe 1 in Velbert ein. In diesem Jahr wird an die Holocaust-\u00dcberlebende Margot Friedl\u00e4nder &hellip;<\/p>\n<p class=\"read-more\"> <a class=\"more-link\" href=\"https:\/\/aktiv-gegen-antisemitismus.net\/?p=548\"> <span class=\"screen-reader-text\">Gedenkfeier f\u00fcr die Opfer des Nationalsozialismus<\/span> Weiterlesen &raquo;<\/a><\/p>\n","protected":false},"author":1,"featured_media":0,"comment_status":"closed","ping_status":"closed","sticky":false,"template":"","format":"standard","meta":{"footnotes":""},"categories":[1],"tags":[],"class_list":["post-548","post","type-post","status-publish","format-standard","hentry","category-uncategorized"],"_links":{"self":[{"href":"https:\/\/aktiv-gegen-antisemitismus.net\/index.php?rest_route=\/wp\/v2\/posts\/548","targetHints":{"allow":["GET"]}}],"collection":[{"href":"https:\/\/aktiv-gegen-antisemitismus.net\/index.php?rest_route=\/wp\/v2\/posts"}],"about":[{"href":"https:\/\/aktiv-gegen-antisemitismus.net\/index.php?rest_route=\/wp\/v2\/types\/post"}],"author":[{"embeddable":true,"href":"https:\/\/aktiv-gegen-antisemitismus.net\/index.php?rest_route=\/wp\/v2\/users\/1"}],"replies":[{"embeddable":true,"href":"https:\/\/aktiv-gegen-antisemitismus.net\/index.php?rest_route=%2Fwp%2Fv2%2Fcomments&post=548"}],"version-history":[{"count":1,"href":"https:\/\/aktiv-gegen-antisemitismus.net\/index.php?rest_route=\/wp\/v2\/posts\/548\/revisions"}],"predecessor-version":[{"id":549,"href":"https:\/\/aktiv-gegen-antisemitismus.net\/index.php?rest_route=\/wp\/v2\/posts\/548\/revisions\/549"}],"wp:attachment":[{"href":"https:\/\/aktiv-gegen-antisemitismus.net\/index.php?rest_route=%2Fwp%2Fv2%2Fmedia&parent=548"}],"wp:term":[{"taxonomy":"category","embeddable":true,"href":"https:\/\/aktiv-gegen-antisemitismus.net\/index.php?rest_route=%2Fwp%2Fv2%2Fcategories&post=548"},{"taxonomy":"post_tag","embeddable":true,"href":"https:\/\/aktiv-gegen-antisemitismus.net\/index.php?rest_route=%2Fwp%2Fv2%2Ftags&post=548"}],"curies":[{"name":"wp","href":"https:\/\/api.w.org\/{rel}","templated":true}]}}